{"id":3571,"date":"2015-05-19T20:48:15","date_gmt":"2015-05-19T20:48:15","guid":{"rendered":"http:\/\/www.cgt-hopital-manosque.fr\/?p=3571"},"modified":"2015-05-19T20:51:24","modified_gmt":"2015-05-19T20:51:24","slug":"19-mai-2015-leleve-infirmiere-en-promotion-interne-ne-peut-etre-affectee-en-service-de-soins-pendant-lete","status":"publish","type":"post","link":"http:\/\/www.cgt-hopital-manosque.fr\/?p=3571","title":{"rendered":"19 mai 2015 &#8211; L\u2019\u00e9l\u00e8ve infirmi\u00e8r(e) en promotion interne ne peut \u00eatre affect\u00e9(e) en service de soins pendant l\u2019\u00e9t\u00e9"},"content":{"rendered":"<p><a href=\"http:\/\/www.cgt-hopital-manosque.fr\/wp-content\/uploads\/2015\/05\/594.-L\u2019\u00e9l\u00e8ve-infirmi\u00e8re-en-promotion-interne.jpg\"><img loading=\"lazy\" decoding=\"async\" src=\"http:\/\/www.cgt-hopital-manosque.fr\/wp-content\/uploads\/2015\/05\/594.-L\u2019\u00e9l\u00e8ve-infirmi\u00e8re-en-promotion-interne.jpg\" alt=\"L\u2019\u00e9l\u00e8ve infirmi\u00e8r(e) en promotion interne\" width=\"317\" height=\"400\" class=\"aligncenter size-full wp-image-3572\" srcset=\"http:\/\/www.cgt-hopital-manosque.fr\/wp-content\/uploads\/2015\/05\/594.-L\u2019\u00e9l\u00e8ve-infirmi\u00e8re-en-promotion-interne.jpg 317w, http:\/\/www.cgt-hopital-manosque.fr\/wp-content\/uploads\/2015\/05\/594.-L\u2019\u00e9l\u00e8ve-infirmi\u00e8re-en-promotion-interne-238x300.jpg 238w\" sizes=\"(max-width: 317px) 100vw, 317px\" \/><\/a><\/p>\n<p style= \"text-align: justify;\">L\u2019\u00e9l\u00e8ve-infirmi\u00e8r(e) b\u00e9n\u00e9ficiant d\u2019une formation professionnelle au titre de la promotion interne n\u2019est pas disponible pour une affectation en service de soins pendant cette m\u00eame dur\u00e9e. <\/p>\n<p style= \"text-align: justify;\">Prenant le contrepied d\u2019autres juridictions(TA Clermont-Ferrand, 12 janvier 2012, Mme C-S, 1100816; TA Melun, 12 d\u00e9cembre 2012, Syndicat CGT des personnels du CH Marc Jacquet, 1007089), le tribunal administratif de Poitiers s&rsquo;est fond\u00e9 sur les dispositions de l\u2019arr\u00eat\u00e9 du 31 juillet 2009 relatif au dipl\u00f4me d\u2019Etat d\u2019infirmier, qui pr\u00e9voient une formation th\u00e9orique et pratique de 4200 heures et \u00ab un travail personnel compl\u00e9mentaire estim\u00e9 \u00bb de 900 heures de pr\u00e9paration du dipl\u00f4me. <\/p>\n<p style= \"text-align: justify;\">Ainsi, l\u2019\u00e9l\u00e8ve-infirmi\u00e8r(e) b\u00e9n\u00e9ficiant d\u2019une formation professionnelle au titre de la promotion interne accomplit un temps de travail exc\u00e9dant les obligations annuelles de service pendant les 3 ann\u00e9es de la formation et n\u2019est donc pas disponible pour une affectation en service de soins durant la p\u00e9riode estivale pendant cette m\u00eame dur\u00e9e. <\/p>\n<p style= \"text-align: justify;\">Cf tribunal administratif de Poitiers, requ\u00eate 1301446 (mars 2015) <\/p>\n","protected":false},"excerpt":{"rendered":"<p>L\u2019\u00e9l\u00e8ve-infirmi\u00e8r(e) b\u00e9n\u00e9ficiant d\u2019une formation professionnelle au titre de la promotion interne n\u2019est pas disponible pour une affectation en service de soins pendant cette m\u00eame dur\u00e9e. Prenant le contrepied d\u2019autres juridictions(TA Clermont-Ferrand, 12 janvier 2012, Mme C-S, 1100816; TA Melun, 12 d\u00e9cembre 2012, Syndicat CGT des personnels du CH Marc Jacquet, 1007089), le tribunal administratif de [&hellip;]<\/p>\n","protected":false},"author":1,"featured_media":0,"comment_status":"closed","ping_status":"closed","sticky":false,"template":"","format":"standard","meta":{"footnotes":""},"categories":[5],"tags":[],"views":2465,"_links":{"self":[{"href":"http:\/\/www.cgt-hopital-manosque.fr\/index.php?rest_route=\/wp\/v2\/posts\/3571"}],"collection":[{"href":"http:\/\/www.cgt-hopital-manosque.fr\/index.php?rest_route=\/wp\/v2\/posts"}],"about":[{"href":"http:\/\/www.cgt-hopital-manosque.fr\/index.php?rest_route=\/wp\/v2\/types\/post"}],"author":[{"embeddable":true,"href":"http:\/\/www.cgt-hopital-manosque.fr\/index.php?rest_route=\/wp\/v2\/users\/1"}],"replies":[{"embeddable":true,"href":"http:\/\/www.cgt-hopital-manosque.fr\/index.php?rest_route=%2Fwp%2Fv2%2Fcomments&post=3571"}],"version-history":[{"count":6,"href":"http:\/\/www.cgt-hopital-manosque.fr\/index.php?rest_route=\/wp\/v2\/posts\/3571\/revisions"}],"predecessor-version":[{"id":3578,"href":"http:\/\/www.cgt-hopital-manosque.fr\/index.php?rest_route=\/wp\/v2\/posts\/3571\/revisions\/3578"}],"wp:attachment":[{"href":"http:\/\/www.cgt-hopital-manosque.fr\/index.php?rest_route=%2Fwp%2Fv2%2Fmedia&parent=3571"}],"wp:term":[{"taxonomy":"category","embeddable":true,"href":"http:\/\/www.cgt-hopital-manosque.fr\/index.php?rest_route=%2Fwp%2Fv2%2Fcategories&post=3571"},{"taxonomy":"post_tag","embeddable":true,"href":"http:\/\/www.cgt-hopital-manosque.fr\/index.php?rest_route=%2Fwp%2Fv2%2Ftags&post=3571"}],"curies":[{"name":"wp","href":"https:\/\/api.w.org\/{rel}","templated":true}]}}