{"id":3579,"date":"2015-05-20T19:18:52","date_gmt":"2015-05-20T19:18:52","guid":{"rendered":"http:\/\/www.cgt-hopital-manosque.fr\/?p=3579"},"modified":"2015-05-20T19:22:13","modified_gmt":"2015-05-20T19:22:13","slug":"20-mai-2015-suppression-de-lindemnite-exceptionnelle-dite-csg","status":"publish","type":"post","link":"http:\/\/www.cgt-hopital-manosque.fr\/?p=3579","title":{"rendered":"20 mai 2015 &#8211; Suppression de l&rsquo;indemnit\u00e9 exceptionnelle dite \u00ab\u00a0CSG\u00a0\u00bb"},"content":{"rendered":"<p style= \"text-align: justify;\">Instaur\u00e9e par un d\u00e9cret du 10 mars 1997, cette indemnit\u00e9 \u00e9tait vers\u00e9e aux fonctionnaires civils hospitaliers notamment sous r\u00e9serve que leur premi\u00e8re nomination ou recrutement dans la fonction publique soient intervenus avant le 1er janvier 1998.<br \/>\nL&rsquo;indemnit\u00e9 \u00e9tait servie lorsque la r\u00e9mun\u00e9ration annuelle per\u00e7ue au titre de l&rsquo;activit\u00e9 principale au cours de l&rsquo;ann\u00e9e courante, nette de cotisation maladie et de contribution sociale g\u00e9n\u00e9ralis\u00e9e aux taux appliqu\u00e9s au 1er janvier 1998, \u00e9tait inf\u00e9rieure \u00e0 cette m\u00eame r\u00e9mun\u00e9ration annuelle affect\u00e9e des taux de cotisation maladie et de contribution sociale g\u00e9n\u00e9ralis\u00e9e appliqu\u00e9s au 31 d\u00e9cembre 1996.<br \/>\nLe montant de l&rsquo;indemnit\u00e9 \u00e9tait alors \u00e9gal \u00e0 la diff\u00e9rence ainsi constat\u00e9e.<br \/>\nLa r\u00e9mun\u00e9ration annuelle comprend le traitement ou la r\u00e9mun\u00e9ration de base, l&rsquo;indemnit\u00e9 de r\u00e9sidence, le suppl\u00e9ment familial de traitement et les primes et indemnit\u00e9s pr\u00e9vues par un texte l\u00e9gislatif ou r\u00e9glementaire en vigueur et assujetties \u00e0 la contribution sociale g\u00e9n\u00e9ralis\u00e9e.<\/p>\n<p style= \"text-align: justify;\">D\u00e9sormais, cette indemnit\u00e9 est supprim\u00e9e par le d\u00e9cret du 29 avril 2015, mais remplac\u00e9e, pour les m\u00eames b\u00e9n\u00e9ficiaires, par une indemnit\u00e9 d\u00e9gressive dans le temps, non soumise \u00e0 retenue pour pension. Les modalit\u00e9s de calcul sont modifi\u00e9es et elle est ainsi \u00e9gale \u00e0 un douzi\u00e8me du montant annuel brut total de l&rsquo;indemnit\u00e9 exceptionnelle pr\u00e9vue par le d\u00e9cret du 10 mars 1997  vers\u00e9 \u00e0 chaque agent au titre de l&rsquo;ann\u00e9e 2014 tout en \u00e9tant plafonn\u00e9e \u00e0 415 euros bruts mensuels.<br \/>\nLe montant mensuel brut de l&rsquo;indemnit\u00e9 d\u00e9gressive est r\u00e9duit, jusqu&rsquo;\u00e0 extinction, lors de chaque avancement dans un grade, un \u00e9chelon ou un chevron, \u00e0 due concurrence du montant r\u00e9sultant de l&rsquo;augmentation du traitement indiciaire brut de l&rsquo;agent. Ceci ne s&rsquo;applique que lorsque l&rsquo;indice major\u00e9 d\u00e9tenu par l&rsquo;agent est \u00e9gal ou sup\u00e9rieur \u00e0 l&rsquo;indice major\u00e9 400.<\/p>\n<p style= \"text-align: justify;\"> Pour consulter le d\u00e9cret n\u00b0 2015-492 du 29 avril 2015 portant abrogation de l&rsquo;indemnit\u00e9 exceptionnelle allou\u00e9e \u00e0 certains fonctionnaires civils, aux militaires \u00e0 solde mensuelle ainsi qu&rsquo;aux magistrats de l&rsquo;ordre judiciaire pr\u00e9vue par le d\u00e9cret n\u00b0 97-215 du 10 mars 1997 et cr\u00e9ation d&rsquo;une indemnit\u00e9 d\u00e9gressive, <strong><a href=\"http:\/\/www.legifrance.gouv.fr\/affichTexte.do?cidTexte=JORFTEXT000030537227\" target=\"_blank\">CLIQUER ICI<\/a><\/strong><\/p>\n","protected":false},"excerpt":{"rendered":"<p>Instaur\u00e9e par un d\u00e9cret du 10 mars 1997, cette indemnit\u00e9 \u00e9tait vers\u00e9e aux fonctionnaires civils hospitaliers notamment sous r\u00e9serve que leur premi\u00e8re nomination ou recrutement dans la fonction publique soient intervenus avant le 1er janvier 1998. L&rsquo;indemnit\u00e9 \u00e9tait servie lorsque la r\u00e9mun\u00e9ration annuelle per\u00e7ue au titre de l&rsquo;activit\u00e9 principale au cours de l&rsquo;ann\u00e9e courante, nette [&hellip;]<\/p>\n","protected":false},"author":1,"featured_media":0,"comment_status":"closed","ping_status":"closed","sticky":false,"template":"","format":"standard","meta":{"footnotes":""},"categories":[5],"tags":[],"views":2336,"_links":{"self":[{"href":"http:\/\/www.cgt-hopital-manosque.fr\/index.php?rest_route=\/wp\/v2\/posts\/3579"}],"collection":[{"href":"http:\/\/www.cgt-hopital-manosque.fr\/index.php?rest_route=\/wp\/v2\/posts"}],"about":[{"href":"http:\/\/www.cgt-hopital-manosque.fr\/index.php?rest_route=\/wp\/v2\/types\/post"}],"author":[{"embeddable":true,"href":"http:\/\/www.cgt-hopital-manosque.fr\/index.php?rest_route=\/wp\/v2\/users\/1"}],"replies":[{"embeddable":true,"href":"http:\/\/www.cgt-hopital-manosque.fr\/index.php?rest_route=%2Fwp%2Fv2%2Fcomments&post=3579"}],"version-history":[{"count":3,"href":"http:\/\/www.cgt-hopital-manosque.fr\/index.php?rest_route=\/wp\/v2\/posts\/3579\/revisions"}],"predecessor-version":[{"id":3582,"href":"http:\/\/www.cgt-hopital-manosque.fr\/index.php?rest_route=\/wp\/v2\/posts\/3579\/revisions\/3582"}],"wp:attachment":[{"href":"http:\/\/www.cgt-hopital-manosque.fr\/index.php?rest_route=%2Fwp%2Fv2%2Fmedia&parent=3579"}],"wp:term":[{"taxonomy":"category","embeddable":true,"href":"http:\/\/www.cgt-hopital-manosque.fr\/index.php?rest_route=%2Fwp%2Fv2%2Fcategories&post=3579"},{"taxonomy":"post_tag","embeddable":true,"href":"http:\/\/www.cgt-hopital-manosque.fr\/index.php?rest_route=%2Fwp%2Fv2%2Ftags&post=3579"}],"curies":[{"name":"wp","href":"https:\/\/api.w.org\/{rel}","templated":true}]}}