{"id":3589,"date":"2015-05-27T19:19:08","date_gmt":"2015-05-27T19:19:08","guid":{"rendered":"http:\/\/www.cgt-hopital-manosque.fr\/?p=3589"},"modified":"2015-05-27T19:20:08","modified_gmt":"2015-05-27T19:20:08","slug":"27-mai-2015-la-loi-du-marche-vient-de-sortir-au-cinema","status":"publish","type":"post","link":"http:\/\/www.cgt-hopital-manosque.fr\/?p=3589","title":{"rendered":"27 mai 2015 &#8211; \u00ab\u00a0La loi du march\u00e9\u00a0\u00bb vient de sortir au cin\u00e9ma"},"content":{"rendered":"<p><a href=\"http:\/\/www.cgt-hopital-manosque.fr\/wp-content\/uploads\/2015\/05\/597.-La-loi-du-march\u00e9.jpg\"><img loading=\"lazy\" decoding=\"async\" src=\"http:\/\/www.cgt-hopital-manosque.fr\/wp-content\/uploads\/2015\/05\/597.-La-loi-du-march\u00e9.jpg\" alt=\"La loi du march\u00e9\" width=\"805\" height=\"1073\" class=\"aligncenter size-full wp-image-3591\" srcset=\"http:\/\/www.cgt-hopital-manosque.fr\/wp-content\/uploads\/2015\/05\/597.-La-loi-du-march\u00e9.jpg 805w, http:\/\/www.cgt-hopital-manosque.fr\/wp-content\/uploads\/2015\/05\/597.-La-loi-du-march\u00e9-225x300.jpg 225w, http:\/\/www.cgt-hopital-manosque.fr\/wp-content\/uploads\/2015\/05\/597.-La-loi-du-march\u00e9-768x1024.jpg 768w\" sizes=\"(max-width: 805px) 100vw, 805px\" \/><\/a><\/p>\n<p style= \"text-align: justify;\">En comp\u00e9tition officielle \u00e0 Cannes, \u00ab La Loi du march\u00e9 \u00bb, de St\u00e9phane Briz\u00e9, avec Vincent Lindon, se penche sur le parcours d&rsquo;un homme qui perd son travail. <\/p>\n<p style= \"text-align: justify;\">C&rsquo;est un film social \u00e0 tout petit budget. Les acteurs et technicien sont pay\u00e9s pour la plupart au SMIC. Vincent Lindon a accept\u00e9 de ne pas recevoir de salaire, il aura juste une petite participation en fonction des entr\u00e9es en salle. <\/p>\n<p style= \"text-align: justify;\">Il s&rsquo;agit d&rsquo;un film dur et sombre sur le monde du travail d&rsquo;aujourd&rsquo;hui. C\u2019est l\u2019histoire de quelqu\u2019un qui est au ch\u00f4mage pendant un certain temps. Ensuite, il trouve un job d\u2019agent de s\u00e9curit\u00e9 qui va le mettre face \u00e0 un probl\u00e8me moral. En effet, le r\u00e9alisateur avait envie de mettre Vincent face \u00e0 certaines situations morales. Accepter qu\u2019une caissi\u00e8re soit vir\u00e9e juste parce qu\u2019elle a r\u00e9cup\u00e9r\u00e9 des bons de r\u00e9duction ? C\u2019est un peu se demander ce qu\u2019on ferait en cas de guerre. Y aller ou pas ? Pareil dans cet hypermarch\u00e9. On \u00e9limine les gens, co\u00fbte que co\u00fbte, \u00e0 la moindre petite faute. <\/p>\n<p style= \"text-align: justify;\">Ce film aurait pu s&rsquo;appeler \u00ab\u00a0la loi du supermarch\u00e9\u00a0\u00bb o\u00f9 des cam\u00e9ras (partout) filment les moindres faits et gestes des clients mais \u00e9galement des salari\u00e9s. Briz\u00e9 filme la solitude, des hommes pions qui subissent, se taisent, d\u00e9tournent les yeux, sans espoir et sans perspective. <\/p>\n<p style= \"text-align: justify;\"> Pour visionner la bande-annonce, <strong><a href=\"https:\/\/www.youtube.com\/watch?v=tEa1J_iqnZk\" target=\"_blank\">CLIQUER ICI<\/a><\/strong><\/p>\n","protected":false},"excerpt":{"rendered":"<p>En comp\u00e9tition officielle \u00e0 Cannes, \u00ab La Loi du march\u00e9 \u00bb, de St\u00e9phane Briz\u00e9, avec Vincent Lindon, se penche sur le parcours d&rsquo;un homme qui perd son travail. C&rsquo;est un film social \u00e0 tout petit budget. Les acteurs et technicien sont pay\u00e9s pour la plupart au SMIC. Vincent Lindon a accept\u00e9 de ne pas recevoir [&hellip;]<\/p>\n","protected":false},"author":1,"featured_media":0,"comment_status":"closed","ping_status":"closed","sticky":false,"template":"","format":"standard","meta":{"footnotes":""},"categories":[1],"tags":[],"views":1743,"_links":{"self":[{"href":"http:\/\/www.cgt-hopital-manosque.fr\/index.php?rest_route=\/wp\/v2\/posts\/3589"}],"collection":[{"href":"http:\/\/www.cgt-hopital-manosque.fr\/index.php?rest_route=\/wp\/v2\/posts"}],"about":[{"href":"http:\/\/www.cgt-hopital-manosque.fr\/index.php?rest_route=\/wp\/v2\/types\/post"}],"author":[{"embeddable":true,"href":"http:\/\/www.cgt-hopital-manosque.fr\/index.php?rest_route=\/wp\/v2\/users\/1"}],"replies":[{"embeddable":true,"href":"http:\/\/www.cgt-hopital-manosque.fr\/index.php?rest_route=%2Fwp%2Fv2%2Fcomments&post=3589"}],"version-history":[{"count":2,"href":"http:\/\/www.cgt-hopital-manosque.fr\/index.php?rest_route=\/wp\/v2\/posts\/3589\/revisions"}],"predecessor-version":[{"id":3593,"href":"http:\/\/www.cgt-hopital-manosque.fr\/index.php?rest_route=\/wp\/v2\/posts\/3589\/revisions\/3593"}],"wp:attachment":[{"href":"http:\/\/www.cgt-hopital-manosque.fr\/index.php?rest_route=%2Fwp%2Fv2%2Fmedia&parent=3589"}],"wp:term":[{"taxonomy":"category","embeddable":true,"href":"http:\/\/www.cgt-hopital-manosque.fr\/index.php?rest_route=%2Fwp%2Fv2%2Fcategories&post=3589"},{"taxonomy":"post_tag","embeddable":true,"href":"http:\/\/www.cgt-hopital-manosque.fr\/index.php?rest_route=%2Fwp%2Fv2%2Ftags&post=3589"}],"curies":[{"name":"wp","href":"https:\/\/api.w.org\/{rel}","templated":true}]}}