{"id":3594,"date":"2015-05-27T19:26:25","date_gmt":"2015-05-27T19:26:25","guid":{"rendered":"http:\/\/www.cgt-hopital-manosque.fr\/?p=3594"},"modified":"2015-05-27T19:38:11","modified_gmt":"2015-05-27T19:38:11","slug":"28-mai-2015-le-congres-du-syndicat-cgt-de-lhopital-de-manosque-se-tiendra-le-2-juin","status":"publish","type":"post","link":"http:\/\/www.cgt-hopital-manosque.fr\/?p=3594","title":{"rendered":"28 mai 2015 &#8211; Le congr\u00e8s du syndicat CGT de l\u2019h\u00f4pital de Manosque se tiendra le 2 juin"},"content":{"rendered":"<p style= \"text-align: justify;\">Il se d\u00e9roulera \u00e0 la salle CGT de l\u2019Ecole des M\u00e9tiers au Centre Regain \u00e0 Sainte Tulle \u00e0 partir de 9h00. <\/p>\n<p style= \"text-align: justify;\">Un congr\u00e8s est un moment privil\u00e9gi\u00e9 pour analyser notre activit\u00e9 syndicale et \u00e9changer les exp\u00e9riences individuelles et collectives. C\u2019est le moment choisi pour faire le bilan des ann\u00e9es pr\u00e9c\u00e9dentes et  proposer les orientations pour les 3 ann\u00e9es \u00e0 venir.  Il est un temps de r\u00e9flexion pour une d\u00e9marche coh\u00e9rente en lien avec les orientations de la CGT qui doit nous conduire vers un syndicalisme \u00e0 la hauteur de nos ambitions de r\u00e9ussites, de luttes et d\u2019acquis ! Une CGT  incontournable  est notre ambition et pour y parvenir nous avons besoin de l\u2019implication de  tous les syndiqu\u00e9s. <\/p>\n<p style= \"text-align: justify;\">Nous profitons de ce congr\u00e8s pour lancer  un appel \u00e0 candidatures pour composer la nouvelle Commission Ex\u00e9cutive (CE). Vous trouverez ci-dessous un rappel de son fonctionnement <\/p>\n<p style= \"text-align: justify;\">La Commission Ex\u00e9cutive (C.E) <\/p>\n<p style= \"text-align: justify;\">Elle est \u00e9lue par le congr\u00e8s. Le nombre minimum et maximum de ses membres est d\u00e9termin\u00e9 par la CE  avant le congr\u00e8s. Elle assure la direction de la CGT, elle examine et vote le budget annuel, elle se r\u00e9unit au moins une fois par mois sur convocation. <\/p>\n<p style= \"text-align: justify;\">Etre membre de la Commission Ex\u00e9cutive c\u2019est :<br \/>\nAnimer la CGT dans le syndicat de l\u2019h\u00f4pital<br \/>\nParticiper \u00e0 la mise en \u0153uvre des orientations<br \/>\nImpulser les diff\u00e9rentes responsabilit\u00e9s de la vie syndicale<br \/>\nOrganiser les actions, les manifestations<\/p>\n<p style= \"text-align: justify;\">Nous avons besoin de :<br \/>\nDynamiser notre activit\u00e9 et rendre le syndicalisme attrayant<br \/>\nVeiller \u00e0 ce que la CGT soit accueillante et en accord avec ses statuts<br \/>\nQue chaque syndiqu\u00e9 puisse trouver sa place dans notre organisation<br \/>\nDe mettre en \u0153uvre tous les moyens pour que chacun puisse assumer au mieux sa responsabilit\u00e9 (mat\u00e9riel, formation, d\u00e9tachement\u2026.)<br \/>\nD\u2019animer le d\u00e9bat sur les orientations de la CGT<br \/>\nD\u2019impulser le renforcement de la CGT dans l\u2019h\u00f4pital<br \/>\nNous sommes persuad\u00e9s que la perspective de renouveau et de renforcement de la CE vous conduira \u00e0 vous inscrire nombreux. <\/p>\n","protected":false},"excerpt":{"rendered":"<p>Il se d\u00e9roulera \u00e0 la salle CGT de l\u2019Ecole des M\u00e9tiers au Centre Regain \u00e0 Sainte Tulle \u00e0 partir de 9h00. Un congr\u00e8s est un moment privil\u00e9gi\u00e9 pour analyser notre activit\u00e9 syndicale et \u00e9changer les exp\u00e9riences individuelles et collectives. C\u2019est le moment choisi pour faire le bilan des ann\u00e9es pr\u00e9c\u00e9dentes et proposer les orientations pour [&hellip;]<\/p>\n","protected":false},"author":1,"featured_media":0,"comment_status":"closed","ping_status":"closed","sticky":false,"template":"","format":"standard","meta":{"footnotes":""},"categories":[7],"tags":[],"views":1714,"_links":{"self":[{"href":"http:\/\/www.cgt-hopital-manosque.fr\/index.php?rest_route=\/wp\/v2\/posts\/3594"}],"collection":[{"href":"http:\/\/www.cgt-hopital-manosque.fr\/index.php?rest_route=\/wp\/v2\/posts"}],"about":[{"href":"http:\/\/www.cgt-hopital-manosque.fr\/index.php?rest_route=\/wp\/v2\/types\/post"}],"author":[{"embeddable":true,"href":"http:\/\/www.cgt-hopital-manosque.fr\/index.php?rest_route=\/wp\/v2\/users\/1"}],"replies":[{"embeddable":true,"href":"http:\/\/www.cgt-hopital-manosque.fr\/index.php?rest_route=%2Fwp%2Fv2%2Fcomments&post=3594"}],"version-history":[{"count":5,"href":"http:\/\/www.cgt-hopital-manosque.fr\/index.php?rest_route=\/wp\/v2\/posts\/3594\/revisions"}],"predecessor-version":[{"id":3599,"href":"http:\/\/www.cgt-hopital-manosque.fr\/index.php?rest_route=\/wp\/v2\/posts\/3594\/revisions\/3599"}],"wp:attachment":[{"href":"http:\/\/www.cgt-hopital-manosque.fr\/index.php?rest_route=%2Fwp%2Fv2%2Fmedia&parent=3594"}],"wp:term":[{"taxonomy":"category","embeddable":true,"href":"http:\/\/www.cgt-hopital-manosque.fr\/index.php?rest_route=%2Fwp%2Fv2%2Fcategories&post=3594"},{"taxonomy":"post_tag","embeddable":true,"href":"http:\/\/www.cgt-hopital-manosque.fr\/index.php?rest_route=%2Fwp%2Fv2%2Ftags&post=3594"}],"curies":[{"name":"wp","href":"https:\/\/api.w.org\/{rel}","templated":true}]}}