{"id":3600,"date":"2015-06-03T10:15:35","date_gmt":"2015-06-03T10:15:35","guid":{"rendered":"http:\/\/www.cgt-hopital-manosque.fr\/?p=3600"},"modified":"2015-06-03T10:15:35","modified_gmt":"2015-06-03T10:15:35","slug":"3-juin-2015-le-journal-de-lud-cgt-04-du-mois-de-mai-2015","status":"publish","type":"post","link":"http:\/\/www.cgt-hopital-manosque.fr\/?p=3600","title":{"rendered":"3 juin 2015 &#8211; Le journal de l&rsquo;UD CGT 04 du mois de mai 2015"},"content":{"rendered":"<p><a href=\"http:\/\/www.cgt-hopital-manosque.fr\/wp-content\/uploads\/2015\/06\/599.-Journal-CGT-UD-04-mai-2015.jpg\"><img loading=\"lazy\" decoding=\"async\" src=\"http:\/\/www.cgt-hopital-manosque.fr\/wp-content\/uploads\/2015\/06\/599.-Journal-CGT-UD-04-mai-2015.jpg\" alt=\"Journal CGT UD 04 mai 2015\" width=\"667\" height=\"943\" class=\"aligncenter size-full wp-image-3601\" srcset=\"http:\/\/www.cgt-hopital-manosque.fr\/wp-content\/uploads\/2015\/06\/599.-Journal-CGT-UD-04-mai-2015.jpg 667w, http:\/\/www.cgt-hopital-manosque.fr\/wp-content\/uploads\/2015\/06\/599.-Journal-CGT-UD-04-mai-2015-212x300.jpg 212w\" sizes=\"(max-width: 667px) 100vw, 667px\" \/><\/a><\/p>\n<p style= \"text-align: justify;\"><strong><br \/>\nSommaire :<\/p>\n<p>Pages 1 : Edito du SG de l&rsquo;UD CGT 04<\/p>\n<p>Page 2 : Manifestation du 9 avril (suite) <\/p>\n<p>Page 3 : Soir\u00e9e \u00ab Co\u00fbt du travail ou co\u00fbt du capital? \u00bb <\/p>\n<p>Page 4 : Un 1er mai festif avec comme fil conducteur la lutte \u00e0 Sanofi <\/p>\n<p>Page 5 : La souffrance au travail <\/p>\n<p>Page 6 : Interview de  Patrick Loriou sur la formation NIVEAU 1 + Formation Accueil et d\u00e9fense syndicale <\/p>\n<p>Page 7 : Humour <\/p>\n<p>Page 8 : Journ\u00e9e Jeunes + Journ\u00e9e sur le secteur de la propret\u00e9<\/p>\n<p>Pour consulter le journal,  <a href=\"http:\/\/www.cgt-hopital-manosque.fr\/wp-content\/uploads\/2015\/06\/599.-Journal-CGT-UD-04-mai-2015.pdf\">CLIQUER ICI<\/a><\/p>\n<p><\/strong><\/p>\n","protected":false},"excerpt":{"rendered":"<p>Sommaire : Pages 1 : Edito du SG de l&rsquo;UD CGT 04 Page 2 : Manifestation du 9 avril (suite) Page 3 : Soir\u00e9e \u00ab Co\u00fbt du travail ou co\u00fbt du capital? \u00bb Page 4 : Un 1er mai festif avec comme fil conducteur la lutte \u00e0 Sanofi Page 5 : La souffrance au travail [&hellip;]<\/p>\n","protected":false},"author":1,"featured_media":0,"comment_status":"closed","ping_status":"closed","sticky":false,"template":"","format":"standard","meta":{"footnotes":""},"categories":[7],"tags":[],"views":1830,"_links":{"self":[{"href":"http:\/\/www.cgt-hopital-manosque.fr\/index.php?rest_route=\/wp\/v2\/posts\/3600"}],"collection":[{"href":"http:\/\/www.cgt-hopital-manosque.fr\/index.php?rest_route=\/wp\/v2\/posts"}],"about":[{"href":"http:\/\/www.cgt-hopital-manosque.fr\/index.php?rest_route=\/wp\/v2\/types\/post"}],"author":[{"embeddable":true,"href":"http:\/\/www.cgt-hopital-manosque.fr\/index.php?rest_route=\/wp\/v2\/users\/1"}],"replies":[{"embeddable":true,"href":"http:\/\/www.cgt-hopital-manosque.fr\/index.php?rest_route=%2Fwp%2Fv2%2Fcomments&post=3600"}],"version-history":[{"count":1,"href":"http:\/\/www.cgt-hopital-manosque.fr\/index.php?rest_route=\/wp\/v2\/posts\/3600\/revisions"}],"predecessor-version":[{"id":3603,"href":"http:\/\/www.cgt-hopital-manosque.fr\/index.php?rest_route=\/wp\/v2\/posts\/3600\/revisions\/3603"}],"wp:attachment":[{"href":"http:\/\/www.cgt-hopital-manosque.fr\/index.php?rest_route=%2Fwp%2Fv2%2Fmedia&parent=3600"}],"wp:term":[{"taxonomy":"category","embeddable":true,"href":"http:\/\/www.cgt-hopital-manosque.fr\/index.php?rest_route=%2Fwp%2Fv2%2Fcategories&post=3600"},{"taxonomy":"post_tag","embeddable":true,"href":"http:\/\/www.cgt-hopital-manosque.fr\/index.php?rest_route=%2Fwp%2Fv2%2Ftags&post=3600"}],"curies":[{"name":"wp","href":"https:\/\/api.w.org\/{rel}","templated":true}]}}