{"id":3604,"date":"2015-06-03T10:47:38","date_gmt":"2015-06-03T10:47:38","guid":{"rendered":"http:\/\/www.cgt-hopital-manosque.fr\/?p=3604"},"modified":"2015-06-03T10:47:38","modified_gmt":"2015-06-03T10:47:38","slug":"3-juin-2015-intervention-de-cedric-volait-lors-du-congres-du-syndicat-cgt-de-lhopital-de-manosque-du-2-juin-2015","status":"publish","type":"post","link":"http:\/\/www.cgt-hopital-manosque.fr\/?p=3604","title":{"rendered":"3 juin 2015 &#8211; Intervention de C\u00e9dric Volait lors du congr\u00e8s du syndicat CGT de l&rsquo;h\u00f4pital de Manosque du 2 juin 2015"},"content":{"rendered":"<p style= \"text-align: justify;\">\nFace aux politiques d\u2019aust\u00e9rit\u00e9 et aux d\u00e9rives d\u2019autoritarisme, nous avons besoin d\u2019un syndicalisme offensif et efficace mais \u00e9galement de proximit\u00e9, de solidarit\u00e9 et de convivialit\u00e9.<\/p>\n<p>C&rsquo;est quoi la qualit\u00e9 de vie syndicale ?<br \/>\nC&rsquo;est avant tout se poser un certain nombre de questions :<br \/>\nLes syndiqu\u00e9s ont-ils acc\u00e8s \u00e0 l&rsquo;information et sont-ils inform\u00e9s de mani\u00e8re \u00e9quitable ?<br \/>\nLa d\u00e9mocratie et la transparence sont-elles une de nos priorit\u00e9s permanentes ?<br \/>\nAvons-nous mis en place toutes les conditions afin que les syndiqu\u00e9s aient envie de s&rsquo;impliquer ?<br \/>\nLes conditions sont-elles r\u00e9unies pour qu&rsquo;ils puissent \u00e9changer, d\u00e9battre et s&rsquo;impliquer ?<br \/>\nEst-ce que les militants prennent plaisir \u00e0 se r\u00e9unir et \u00e0 travailler ensemble?<br \/>\nTous les syndiqu\u00e9s ont-il acc\u00e8s \u00e0 la formation lors de leur syndicalisation, lors de leur prise de mandat, et tout au long de la vie syndicale?<br \/>\nNotre communication est-elle r\u00e9active, accessible et d\u00e9mocratique ? Permet-elle de positiver notre travail et nos actions ?<br \/>\nA-t-on une politique financi\u00e8re de qualit\u00e9 et transparente ?<br \/>\nMaitrise-t-on assez et optimise-t-on assez le droit syndical ?<\/p>\n<p>Voil\u00e0 quelques uns des aspects de la qualit\u00e9 de vie syndicale.<\/p>\n<p>Les temps difficiles, le stress du quotidien, nous en font parfois oublier l\u2019essence m\u00eame de notre syndicalisme.<br \/>\nDe nombreux salari\u00e9s sont pr\u00eats \u00e0 s\u2019investir dans un syndicalisme de conqu\u00eate d\u00e8s lors que notre d\u00e9marche syndicale leur parait claire.<br \/>\nLa recherche de l\u2019am\u00e9lioration de notre qualit\u00e9 de vie syndicale permet de r\u00e9affirmer les r\u00e8gles d\u00e9finies dans nos statuts et les orientations d\u00e9finies dans nos congr\u00e8s conf\u00e9d\u00e9raux.<\/p>\n<p>En effet, la qualit\u00e9 doit \u00eatre au c\u0153ur de chacun de nos r\u00e9flexes, chacune de nos analyses.<br \/>\nNous devons rendre acteur chaque syndiqu\u00e9, nous devons donner \u00e0 chacun la possibilit\u00e9 de participer \u00e0 l&rsquo;activit\u00e9 syndicale.<\/p>\n<p>Faire de la place aux jeunes et placer notre boussole vers demain sont au centre de la r\u00e9flexion que nous devons mener sur la qualit\u00e9 de vie syndicale.<br \/>\nNous devons \u00e9galement travailler \u00e0 la continuit\u00e9 syndicale.<\/p>\n<p>De plus, nous devons r\u00e9unir les conditions pour que les syndiqu\u00e9s et les militants soient libres de s&rsquo;exprimer, d&rsquo;affirmer leurs positions sans avoir de pression, et sans \u00eatre stigmatis\u00e9. Nous devons faire en sorte que chacun se sente bien dans le syndicat. Ce sont les bases pour s&rsquo;engager sans r\u00e9serve dans l&rsquo;activit\u00e9 syndicale.<\/p>\n<p>Ce ne sont pas des campagnes de syndicalisation dont nous avons besoin, mais des campagnes de qualit\u00e9 de vie syndicale.<\/p>\n","protected":false},"excerpt":{"rendered":"<p>Face aux politiques d\u2019aust\u00e9rit\u00e9 et aux d\u00e9rives d\u2019autoritarisme, nous avons besoin d\u2019un syndicalisme offensif et efficace mais \u00e9galement de proximit\u00e9, de solidarit\u00e9 et de convivialit\u00e9. C&rsquo;est quoi la qualit\u00e9 de vie syndicale ? C&rsquo;est avant tout se poser un certain nombre de questions : Les syndiqu\u00e9s ont-ils acc\u00e8s \u00e0 l&rsquo;information et sont-ils inform\u00e9s de mani\u00e8re [&hellip;]<\/p>\n","protected":false},"author":1,"featured_media":0,"comment_status":"closed","ping_status":"closed","sticky":false,"template":"","format":"standard","meta":{"footnotes":""},"categories":[7],"tags":[],"views":1798,"_links":{"self":[{"href":"http:\/\/www.cgt-hopital-manosque.fr\/index.php?rest_route=\/wp\/v2\/posts\/3604"}],"collection":[{"href":"http:\/\/www.cgt-hopital-manosque.fr\/index.php?rest_route=\/wp\/v2\/posts"}],"about":[{"href":"http:\/\/www.cgt-hopital-manosque.fr\/index.php?rest_route=\/wp\/v2\/types\/post"}],"author":[{"embeddable":true,"href":"http:\/\/www.cgt-hopital-manosque.fr\/index.php?rest_route=\/wp\/v2\/users\/1"}],"replies":[{"embeddable":true,"href":"http:\/\/www.cgt-hopital-manosque.fr\/index.php?rest_route=%2Fwp%2Fv2%2Fcomments&post=3604"}],"version-history":[{"count":1,"href":"http:\/\/www.cgt-hopital-manosque.fr\/index.php?rest_route=\/wp\/v2\/posts\/3604\/revisions"}],"predecessor-version":[{"id":3605,"href":"http:\/\/www.cgt-hopital-manosque.fr\/index.php?rest_route=\/wp\/v2\/posts\/3604\/revisions\/3605"}],"wp:attachment":[{"href":"http:\/\/www.cgt-hopital-manosque.fr\/index.php?rest_route=%2Fwp%2Fv2%2Fmedia&parent=3604"}],"wp:term":[{"taxonomy":"category","embeddable":true,"href":"http:\/\/www.cgt-hopital-manosque.fr\/index.php?rest_route=%2Fwp%2Fv2%2Fcategories&post=3604"},{"taxonomy":"post_tag","embeddable":true,"href":"http:\/\/www.cgt-hopital-manosque.fr\/index.php?rest_route=%2Fwp%2Fv2%2Ftags&post=3604"}],"curies":[{"name":"wp","href":"https:\/\/api.w.org\/{rel}","templated":true}]}}