{"id":3640,"date":"2015-06-22T18:44:10","date_gmt":"2015-06-22T18:44:10","guid":{"rendered":"http:\/\/www.cgt-hopital-manosque.fr\/?p=3640"},"modified":"2015-06-22T18:44:10","modified_gmt":"2015-06-22T18:44:10","slug":"23-juin-2015-lettre-ouverte-dune-infirmiere-en-lutte-un-temoignage-poignant-mais-tellement-vrai","status":"publish","type":"post","link":"http:\/\/www.cgt-hopital-manosque.fr\/?p=3640","title":{"rendered":"23 juin 2015 &#8211; \u00ab Lettre ouverte d\u2019une infirmi\u00e8re en lutte \u00bb&#8230;Un t\u00e9moignage poignant mais tellement vrai !!!"},"content":{"rendered":"<p><a href=\"http:\/\/www.cgt-hopital-manosque.fr\/wp-content\/uploads\/2015\/06\/606.-Lettre-ouverte-d\u2019une-infirmi\u00e8re-en-lutte-.jpeg\"><img loading=\"lazy\" decoding=\"async\" src=\"http:\/\/www.cgt-hopital-manosque.fr\/wp-content\/uploads\/2015\/06\/606.-Lettre-ouverte-d\u2019une-infirmi\u00e8re-en-lutte-.jpeg\" alt=\"Lettre ouverte d\u2019une infirmi\u00e8re en lutte\" width=\"505\" height=\"283\" class=\"aligncenter size-full wp-image-3641\" srcset=\"http:\/\/www.cgt-hopital-manosque.fr\/wp-content\/uploads\/2015\/06\/606.-Lettre-ouverte-d\u2019une-infirmi\u00e8re-en-lutte-.jpeg 505w, http:\/\/www.cgt-hopital-manosque.fr\/wp-content\/uploads\/2015\/06\/606.-Lettre-ouverte-d\u2019une-infirmi\u00e8re-en-lutte--300x168.jpeg 300w\" sizes=\"(max-width: 505px) 100vw, 505px\" \/><\/a><\/p>\n<p style= \"text-align: justify;\">Retrouvez dans son int\u00e9gralit\u00e9, la lettre ouverte de Cl\u00e9mentine Fensch, infirmi\u00e8re \u00e0 l\u2019AP-HP, adress\u00e9e \u00e0 Martin Hirsch. Son t\u00e9moignage diffus\u00e9 sur le site la-bas.org a d\u00e9j\u00e0 \u00e9t\u00e9 vu plus de 100 000 fois en quelques jours. Un t\u00e9moignage poignant qui met en relief la difficult\u00e9 des conditions de travail du personnel soignant en France. <\/p>\n<p style= \"text-align: justify;\">\u00ab\u00a0Lettre ouverte \u00e0 Monsieur Martin Hirsch, Directeur de l\u2019Assistance Publique des H\u00f4pitaux de Paris. <\/p>\n<p style= \"text-align: justify;\">Monsieur le Directeur, cette semaine j\u2019ai perdu mon sourire, cette semaine j\u2019ai perdu l\u2019espoir, cette semaine j\u2019ai perdu mon \u00e9nergie, et surtout j\u2019ai perdu ma foi en le service public. <\/p>\n<p style= \"text-align: justify;\">Je vous invite, vous et vos conseillers, \u00e0 venir non pas un jour, mais une semaine au moins, examiner notre quotidien hospitalier, avec sa charge de travail, son lot de violence, d\u2019exigences, de souffrances, de fins de vies, de soins palliatifs. <\/p>\n<p style= \"text-align: justify;\">Venez \u00e0 nos places tenter de r\u00e9parer les vivants, passer vos journ\u00e9es debout \u00e0 courir sans avoir le temps de manger, ni m\u00eame d\u2019uriner, terminer vos journ\u00e9es avec ce mal de dos, ces jambes lourdes et le c\u0153ur serr\u00e9 d\u2019avoir vu la d\u00e9cr\u00e9pitude des corps. Venez croiser le regard des mourants, trouver les mots justes pour essayer de les r\u00e9conforter, eux et leurs proches. Tout cela en exer\u00e7ant de gestes techniques pr\u00e9cis, en anticipant des situations \u00e0 risque vital, en ex\u00e9cutant toujours plus de t\u00e2ches administratives, en encadrant des \u00e9l\u00e8ves infirmiers, tout cela avec toute notre \u00e9nergie, notre bienveillance, avec nos sourires et sans jamais nous plaindre. <\/p>\n<p style= \"text-align: justify;\">Comment osez-vous penser une seule seconde \u00e0 raccourcir notre temps de travail quotidien, et a supprimer des jours de cong\u00e9s, si pr\u00e9cieux pour nous ressourcer ? <\/p>\n<p style= \"text-align: justify;\">N\u2019avez-vous donc jamais mis les pieds plus d\u2019une heure ou deux dans un service hospitalier. Nos jours de cong\u00e9s nous permettent de nous \u00e9loigner de cette masse de souffrance, de prendre soin de nous et de nos proches. <\/p>\n<p style= \"text-align: justify;\">Dois-je vous rappeler que nous travaillons en g\u00e9n\u00e9ral un week end sur deux, voire plus ? Que nous ne comptons pas nos heures lorsqu\u2019il faut rester plus tard pour g\u00e9rer une situation de crise ? <\/p>\n<p style= \"text-align: justify;\">Nous ne sommes pas des fonctionnaires comme les autres. Je n\u2019effectue pas des journ\u00e9es de sept heures trente, mais des journ\u00e9es de huit, voire de neuf heures, tout cela pour soigner correctement. <\/p>\n<p style= \"text-align: justify;\">Vous, vous nous proposez le pire, et nous ne pouvons l\u2019accepter. Aujourd\u2019hui, les services hospitaliers sont au mieux en surchauffe, au pire en crise. On fait face \u00e0 un nombre croissant de malades, \u00e0 la d\u00e9couverte de nouveaux types de cancers, bref \u00e0 une population de plus en plus vieillissante, et donc polypathologique et extr\u00eamement fragile. <\/p>\n<p style= \"text-align: justify;\">Vous voulez r\u00e9aliser des \u00e9conomies sur notre dos : ce n\u2019est ni \u00e9thique, ni moral. Nous prenons soin de vos grands-m\u00e8res atteintes de Parkinson ou d\u2019Alzheimer, de vos oncles atteints de leuc\u00e9mie, de vos enfants atteints de dr\u00e9panocytose. <\/p>\n<p style= \"text-align: justify;\">Nous sommes passablement us\u00e9s, mais avec votre projet de r\u00e9forme, nous sommes d\u00e9sabus\u00e9s. <\/p>\n<p style= \"text-align: justify;\">Il y a quelques ann\u00e9es la dur\u00e9e de vie d\u2019une infirmi\u00e8re \u00e0 l\u2019h\u00f4pital \u00e9tait de dix ans, aujourd\u2019hui elle est de sept. Cela vous questionne-il ? <\/p>\n<p style= \"text-align: justify;\">Vous devriez gonfler le budget hospitalier et surtout nos salaires, nous, le petit personnel, qui avons les mains dans la merdre, au sens propre comme au sens figur\u00e9. <\/p>\n<p style= \"text-align: justify;\">Vous \u00eates en train de tuer le service public, tuer notre motivation et nos convictions. J\u2019ai 31 ans, je travaille depuis 5 ans entant qu\u2019infirmi\u00e8re pour le service public. <\/p>\n<p style= \"text-align: justify;\">Apr\u00e8s 3 ann\u00e9es d\u2019activit\u00e9 professionnelle dans un service de r\u00e9animation de 18 lits, que vous avez d\u2019ailleurs eu l\u2019occasion de visiter r\u00e9cemment, j\u2019ai fait un burn out. <\/p>\n<p style= \"text-align: justify;\">Je ne me suis jamais vraiment remise de la mort d\u2019une patiente de 60 ans. Nous l\u2019avons faite sortir en urgence pour accueillir un autre patient atteint d\u2019une insuffisance r\u00e9nale aigue qu\u2019il fallait dialyser en urgence. Je me revois installer cette patiente sur un brancard, lui expliquer en deux mots qu\u2019on la transf\u00e9rait dans un service plus l\u00e9ger. J\u2019ai vu dans ses yeux son inqui\u00e9tude, et faute de temps, je n\u2019ai pu prendre ne serait-ce que deux minutes afin de la rassurer. Toujours plus de patients et toujours moins de temps. Cette patiente est revenue quarante minutes apr\u00e8s sa sortie de notre service, intub\u00e9e, ventil\u00e9e sous cat\u00e9cholamine Elle avait fait un arr\u00eat cardiaque de stress. Elle est d\u00e9c\u00e9d\u00e9e trois jours plus tard. <\/p>\n<p style= \"text-align: justify;\">Et si cette femme avait \u00e9t\u00e9 votre m\u00e8re ? Que penser ? Que ressentir ? Que dire \u00e0 ses deux enfants ? J\u2019ai pos\u00e9 ma lettre de d\u00e9mission quelques jours apr\u00e8s. <\/p>\n<p style= \"text-align: justify;\">Je vous donne une piste int\u00e9ressante pour r\u00e9aliser des \u00e9conomies : les laboratoires pharmaceutiques, qui devraient \u00eatre une industrie tourn\u00e9e vers l\u2019humain et non le profit. <\/p>\n<p style= \"text-align: justify;\">Trouvez-vous cela \u00e9thique et moral qu\u2019ils facturent 41 000 euros trois mois de traitement par Sofosbuvir, m\u00e9dicament soignant l\u2019h\u00e9patite C ? Ces entreprises pharmaceutiques d\u00e9pensent seulement 12 % de leur fonds propres en recherche et d\u00e9veloppement, le reste \u00e9tant financ\u00e9 par des fonds public. Commencez par vous servir dans l\u2019argent que brassent ces entreprises. Et puis remettons le principal int\u00e9ress\u00e9 au centre de nos pr\u00e9occupations : le patient. <\/p>\n<p style= \"text-align: justify;\">La qualit\u00e9 des soins du service public passe d\u2019abord par du temps, un bon accueil, une bonne \u00e9valuation clinique. <\/p>\n<p style= \"text-align: justify;\">Vous allez faire mourir nos comp\u00e9tences, puisqu\u2019on sera contraint d\u2019en faire toujours plus avec moins de temps et c\u2019est le patient qui va en p\u00e2tir. Le patient c\u2019est vous demain, l\u2019un de vos proches, votre bien aim\u00e9e, vos enfants. <\/p>\n<p style= \"text-align: justify;\">Mademoiselle Fensch Cl\u00e9mentine, infirmi\u00e8re \u00e0 l\u2019AP-HP.\u00a0\u00bb <\/p>\n<p style= \"text-align: justify;\"> Pour consulter la vid\u00e9o, <strong><a href=\"http:\/\/www.lapassiondusoin.com\/blog\/lettre-ouverte-une-infirmiere-en-lutte-4922.html\" target=\"_blank\">CLIQUER ICI<\/a><\/strong><\/p>\n","protected":false},"excerpt":{"rendered":"<p>Retrouvez dans son int\u00e9gralit\u00e9, la lettre ouverte de Cl\u00e9mentine Fensch, infirmi\u00e8re \u00e0 l\u2019AP-HP, adress\u00e9e \u00e0 Martin Hirsch. Son t\u00e9moignage diffus\u00e9 sur le site la-bas.org a d\u00e9j\u00e0 \u00e9t\u00e9 vu plus de 100 000 fois en quelques jours. Un t\u00e9moignage poignant qui met en relief la difficult\u00e9 des conditions de travail du personnel soignant en France. \u00ab\u00a0Lettre [&hellip;]<\/p>\n","protected":false},"author":1,"featured_media":0,"comment_status":"closed","ping_status":"closed","sticky":false,"template":"","format":"standard","meta":{"footnotes":""},"categories":[8],"tags":[],"views":2044,"_links":{"self":[{"href":"http:\/\/www.cgt-hopital-manosque.fr\/index.php?rest_route=\/wp\/v2\/posts\/3640"}],"collection":[{"href":"http:\/\/www.cgt-hopital-manosque.fr\/index.php?rest_route=\/wp\/v2\/posts"}],"about":[{"href":"http:\/\/www.cgt-hopital-manosque.fr\/index.php?rest_route=\/wp\/v2\/types\/post"}],"author":[{"embeddable":true,"href":"http:\/\/www.cgt-hopital-manosque.fr\/index.php?rest_route=\/wp\/v2\/users\/1"}],"replies":[{"embeddable":true,"href":"http:\/\/www.cgt-hopital-manosque.fr\/index.php?rest_route=%2Fwp%2Fv2%2Fcomments&post=3640"}],"version-history":[{"count":1,"href":"http:\/\/www.cgt-hopital-manosque.fr\/index.php?rest_route=\/wp\/v2\/posts\/3640\/revisions"}],"predecessor-version":[{"id":3642,"href":"http:\/\/www.cgt-hopital-manosque.fr\/index.php?rest_route=\/wp\/v2\/posts\/3640\/revisions\/3642"}],"wp:attachment":[{"href":"http:\/\/www.cgt-hopital-manosque.fr\/index.php?rest_route=%2Fwp%2Fv2%2Fmedia&parent=3640"}],"wp:term":[{"taxonomy":"category","embeddable":true,"href":"http:\/\/www.cgt-hopital-manosque.fr\/index.php?rest_route=%2Fwp%2Fv2%2Fcategories&post=3640"},{"taxonomy":"post_tag","embeddable":true,"href":"http:\/\/www.cgt-hopital-manosque.fr\/index.php?rest_route=%2Fwp%2Fv2%2Ftags&post=3640"}],"curies":[{"name":"wp","href":"https:\/\/api.w.org\/{rel}","templated":true}]}}