{"id":3973,"date":"2015-12-29T17:44:42","date_gmt":"2015-12-29T17:44:42","guid":{"rendered":"http:\/\/www.cgt-hopital-manosque.fr\/?p=3973"},"modified":"2015-12-29T17:44:42","modified_gmt":"2015-12-29T17:44:42","slug":"29-decembre-2015-ordre-infirmier-le-recul-honteux-de-la-ministre-de-la-sante","status":"publish","type":"post","link":"http:\/\/www.cgt-hopital-manosque.fr\/?p=3973","title":{"rendered":"29 d\u00e9cembre 2015 &#8211; Ordre infirmier : le recul honteux de la ministre de la sant\u00e9"},"content":{"rendered":"<p><a href=\"http:\/\/www.cgt-hopital-manosque.fr\/wp-content\/uploads\/2015\/12\/667.-Article-sur-lordre-infirmier.png\"><img loading=\"lazy\" decoding=\"async\" src=\"http:\/\/www.cgt-hopital-manosque.fr\/wp-content\/uploads\/2015\/12\/667.-Article-sur-lordre-infirmier.png\" alt=\"ordre infirmier loi sant\u00e9 CGT\" width=\"308\" height=\"164\" class=\"aligncenter size-full wp-image-3974\" srcset=\"http:\/\/www.cgt-hopital-manosque.fr\/wp-content\/uploads\/2015\/12\/667.-Article-sur-lordre-infirmier.png 308w, http:\/\/www.cgt-hopital-manosque.fr\/wp-content\/uploads\/2015\/12\/667.-Article-sur-lordre-infirmier-300x160.png 300w\" sizes=\"(max-width: 308px) 100vw, 308px\" \/><\/a><\/p>\n<p style= \"text-align: justify;\">Les d\u00e9put\u00e9s ont valid\u00e9 l&rsquo;ordre infirmier en rejetant les amendements visant \u00e0 rendre son adh\u00e9sion facultative. La ministre a reconnu son changement de position et utilise l&rsquo;argument de la mise en place des pratiques avanc\u00e9es pour valider l&rsquo;ordre professionnel. <\/p>\n<p style= \"text-align: justify;\">Les d\u00e9put\u00e9s ont r\u00e9tabli l&rsquo;article autorisant le gouvernement \u00e0 l\u00e9gif\u00e9rer par ordonnance sur le fonctionnement et l&rsquo;organisation des ordres des professions de sant\u00e9. Il s&rsquo;agit de faire \u00e9voluer les comp\u00e9tences de l&rsquo;ordre et de renforcer son pouvoir. Il est stipul\u00e9 par exemple : \u00ab\u00a0De renforcer les pouvoirs dont les ordres disposent afin de veiller au respect de la l\u00e9gislation relative aux avantages consentis aux professionnel-les de sant\u00e9 par des entreprises fabriquant ou distribuant des produits de sant\u00e9\u00a0\u00bb.<\/p>\n<p style= \"text-align: justify;\">La d\u00e9termination de la Ministre de la Sant\u00e9 et de la Pr\u00e9sidence de la r\u00e9publique confirme un v\u00e9ritable revirement de position loin des promesses \u00e9lectorales et d\u00e9montre s&rsquo;il en \u00e9tait encore besoin le d\u00e9ni de d\u00e9mocratie et le blocus ind\u00e9niable du dialogue social. <\/p>\n<p style= \"text-align: justify;\">La situation devrait se durcir consid\u00e9rablement pour les professionnel-les de sant\u00e9. La DGOS a fait savoir qu&rsquo;elle ne pourra plus intervenir en faveur des \u00ab\u00a0ordinn\u00e9-es\u00a0\u00bb dans les conflits entre direction et salari\u00e9-es. <\/p>\n<p style= \"text-align: justify;\">L&rsquo;ONI, moribond et minoritaire se satisfait pleinement de la situation et l&rsquo;a fait savoir par communiqu\u00e9 de presse. <\/p>\n<p style= \"text-align: justify;\">Pourtant, la majorit\u00e9 des infirmi\u00e8rs-e-s ne sont pas adh\u00e9rents-e-s \u00e0 l&rsquo;Ordre et n&rsquo;en veulent pas. En 2006, L&rsquo;ordre infirmier a \u00e9t\u00e9 mis en place avec seulement 13 % de votant-es et sans aucune concertation avec les professionnel-les. Depuis les pressions et menaces se multiplient envers les infirmier-es et les syndicats d\u00e9noncent l&rsquo;existence et les pratiques de cet ordre ill\u00e9gitime. <\/p>\n<p style= \"text-align: justify;\">Il est indispensable de poursuivre la lutte contre le passage en force des ordres professionnels.<br \/>\nNotre d\u00e9termination ne fl\u00e9chira pas !<br \/>\nLa CGT continue le combat pour soutenir les infirmiers et les infirmi\u00e8res dans la d\u00e9fense de leur profession comme celui pour la d\u00e9fense de l&rsquo;h\u00f4pital public ! <\/p>\n<p style= \"text-align: justify;\"> <strong>Seule une mobilisation massive, unanime et de grande envergure peut aboutir et faire reculer un gouvernement autiste \u00e0 l&rsquo;\u00e9gard d&rsquo;une profession qui n&rsquo;a jamais eu besoin d&rsquo;aucun ordre pour exercer depuis des d\u00e9cennies. <\/strong><\/p>\n","protected":false},"excerpt":{"rendered":"<p>Les d\u00e9put\u00e9s ont valid\u00e9 l&rsquo;ordre infirmier en rejetant les amendements visant \u00e0 rendre son adh\u00e9sion facultative. La ministre a reconnu son changement de position et utilise l&rsquo;argument de la mise en place des pratiques avanc\u00e9es pour valider l&rsquo;ordre professionnel. Les d\u00e9put\u00e9s ont r\u00e9tabli l&rsquo;article autorisant le gouvernement \u00e0 l\u00e9gif\u00e9rer par ordonnance sur le fonctionnement et [&hellip;]<\/p>\n","protected":false},"author":1,"featured_media":0,"comment_status":"closed","ping_status":"closed","sticky":false,"template":"","format":"standard","meta":{"footnotes":""},"categories":[8],"tags":[],"views":1607,"_links":{"self":[{"href":"http:\/\/www.cgt-hopital-manosque.fr\/index.php?rest_route=\/wp\/v2\/posts\/3973"}],"collection":[{"href":"http:\/\/www.cgt-hopital-manosque.fr\/index.php?rest_route=\/wp\/v2\/posts"}],"about":[{"href":"http:\/\/www.cgt-hopital-manosque.fr\/index.php?rest_route=\/wp\/v2\/types\/post"}],"author":[{"embeddable":true,"href":"http:\/\/www.cgt-hopital-manosque.fr\/index.php?rest_route=\/wp\/v2\/users\/1"}],"replies":[{"embeddable":true,"href":"http:\/\/www.cgt-hopital-manosque.fr\/index.php?rest_route=%2Fwp%2Fv2%2Fcomments&post=3973"}],"version-history":[{"count":1,"href":"http:\/\/www.cgt-hopital-manosque.fr\/index.php?rest_route=\/wp\/v2\/posts\/3973\/revisions"}],"predecessor-version":[{"id":3975,"href":"http:\/\/www.cgt-hopital-manosque.fr\/index.php?rest_route=\/wp\/v2\/posts\/3973\/revisions\/3975"}],"wp:attachment":[{"href":"http:\/\/www.cgt-hopital-manosque.fr\/index.php?rest_route=%2Fwp%2Fv2%2Fmedia&parent=3973"}],"wp:term":[{"taxonomy":"category","embeddable":true,"href":"http:\/\/www.cgt-hopital-manosque.fr\/index.php?rest_route=%2Fwp%2Fv2%2Fcategories&post=3973"},{"taxonomy":"post_tag","embeddable":true,"href":"http:\/\/www.cgt-hopital-manosque.fr\/index.php?rest_route=%2Fwp%2Fv2%2Ftags&post=3973"}],"curies":[{"name":"wp","href":"https:\/\/api.w.org\/{rel}","templated":true}]}}