{"id":3988,"date":"2016-01-12T14:51:04","date_gmt":"2016-01-12T14:51:04","guid":{"rendered":"http:\/\/www.cgt-hopital-manosque.fr\/?p=3988"},"modified":"2016-01-12T15:01:41","modified_gmt":"2016-01-12T15:01:41","slug":"12-janvier-2016-question-reponse-sur-lindemnisation-des-cfp-conge-de-formation-professionnelle","status":"publish","type":"post","link":"http:\/\/www.cgt-hopital-manosque.fr\/?p=3988","title":{"rendered":"12 janvier 2016 &#8211; Question \/ r\u00e9ponse sur l&rsquo;indemnisation des CFP (Cong\u00e9 de formation professionnelle)"},"content":{"rendered":"<p><a href=\"http:\/\/www.cgt-hopital-manosque.fr\/wp-content\/uploads\/2015\/10\/642.-Question-r\u00e9ponse-sur-la-maladie-et-la-retraite.png\"><img loading=\"lazy\" decoding=\"async\" src=\"http:\/\/www.cgt-hopital-manosque.fr\/wp-content\/uploads\/2015\/10\/642.-Question-r\u00e9ponse-sur-la-maladie-et-la-retraite.png\" alt=\"Question r\u00e9ponse sur la maladie et la retraite CGT\" width=\"380\" height=\"140\" class=\"aligncenter size-full wp-image-3844\" srcset=\"http:\/\/www.cgt-hopital-manosque.fr\/wp-content\/uploads\/2015\/10\/642.-Question-r\u00e9ponse-sur-la-maladie-et-la-retraite.png 380w, http:\/\/www.cgt-hopital-manosque.fr\/wp-content\/uploads\/2015\/10\/642.-Question-r\u00e9ponse-sur-la-maladie-et-la-retraite-300x111.png 300w\" sizes=\"(max-width: 380px) 100vw, 380px\" \/><\/a><\/p>\n<p style= \"text-align: justify;\"> <strong>Bonjour, je souhaite r\u00e9aliser un CFP (Cong\u00e9 de Formation Professionnelle). Dans l&rsquo;hypoth\u00e8se o\u00f9 l&rsquo;ANFH refuserait la prise en charge, est-il possible de r\u00e9aliser un CFP non indemnis\u00e9 ? <\/strong><\/p>\n<p style= \"text-align: justify;\"> <strong>R\u00e9ponse : <\/strong><\/p>\n<p style= \"text-align: justify;\">Il est souvent int\u00e9ressant de rappeler la r\u00e8glementation du CFP, car les pratiques peuvent \u00eatre tr\u00e8s diff\u00e9rentes selon les \u00e9tablissements. <\/p>\n<p style= \"text-align: justify;\">En effet, le CFP rel\u00e8ve des droits des agents de la Fonction Publique Hospitali\u00e8re inclus dans l\u2019article 41 de la loi du 9 janvier 1986. A ce titre, il est une position d\u2019activit\u00e9 et est donc pris en compte pour l\u2019anciennet\u00e9 et la promotion de grade des agents. Cette position statutaire a une dur\u00e9e maximale de 3 ans pris en continu ou en discontinu. <\/p>\n<p style= \"text-align: justify;\">Si l\u2019ANFH en qualit\u00e9 d\u2019organisme collecteur du 0.20 % peut financer la prise en charge du CFP, ce financement est dans tous les cas limit\u00e9 \u00e0 12 mois voire 24 mois dans des contions particuli\u00e8res. En cons\u00e9quence, les agents peuvent tout \u00e0 fait relever d\u2019un CFP non indemnis\u00e9 qui leur permet de conserver des droits \u00e0 contrario de la disponibilit\u00e9. <\/p>\n<p style= \"text-align: justify;\">Donc, m\u00eame si l\u2019ANFH refuse la prise en charge, l\u2019\u00e9tablissement peut tout \u00e0 fait prendre une d\u00e9cision de CFP non indemnis\u00e9 pour un agent. <\/p>\n","protected":false},"excerpt":{"rendered":"<p>Bonjour, je souhaite r\u00e9aliser un CFP (Cong\u00e9 de Formation Professionnelle). Dans l&rsquo;hypoth\u00e8se o\u00f9 l&rsquo;ANFH refuserait la prise en charge, est-il possible de r\u00e9aliser un CFP non indemnis\u00e9 ? R\u00e9ponse : Il est souvent int\u00e9ressant de rappeler la r\u00e8glementation du CFP, car les pratiques peuvent \u00eatre tr\u00e8s diff\u00e9rentes selon les \u00e9tablissements. En effet, le CFP rel\u00e8ve [&hellip;]<\/p>\n","protected":false},"author":1,"featured_media":0,"comment_status":"closed","ping_status":"closed","sticky":false,"template":"","format":"standard","meta":{"footnotes":""},"categories":[5],"tags":[],"views":1931,"_links":{"self":[{"href":"http:\/\/www.cgt-hopital-manosque.fr\/index.php?rest_route=\/wp\/v2\/posts\/3988"}],"collection":[{"href":"http:\/\/www.cgt-hopital-manosque.fr\/index.php?rest_route=\/wp\/v2\/posts"}],"about":[{"href":"http:\/\/www.cgt-hopital-manosque.fr\/index.php?rest_route=\/wp\/v2\/types\/post"}],"author":[{"embeddable":true,"href":"http:\/\/www.cgt-hopital-manosque.fr\/index.php?rest_route=\/wp\/v2\/users\/1"}],"replies":[{"embeddable":true,"href":"http:\/\/www.cgt-hopital-manosque.fr\/index.php?rest_route=%2Fwp%2Fv2%2Fcomments&post=3988"}],"version-history":[{"count":1,"href":"http:\/\/www.cgt-hopital-manosque.fr\/index.php?rest_route=\/wp\/v2\/posts\/3988\/revisions"}],"predecessor-version":[{"id":3989,"href":"http:\/\/www.cgt-hopital-manosque.fr\/index.php?rest_route=\/wp\/v2\/posts\/3988\/revisions\/3989"}],"wp:attachment":[{"href":"http:\/\/www.cgt-hopital-manosque.fr\/index.php?rest_route=%2Fwp%2Fv2%2Fmedia&parent=3988"}],"wp:term":[{"taxonomy":"category","embeddable":true,"href":"http:\/\/www.cgt-hopital-manosque.fr\/index.php?rest_route=%2Fwp%2Fv2%2Fcategories&post=3988"},{"taxonomy":"post_tag","embeddable":true,"href":"http:\/\/www.cgt-hopital-manosque.fr\/index.php?rest_route=%2Fwp%2Fv2%2Ftags&post=3988"}],"curies":[{"name":"wp","href":"https:\/\/api.w.org\/{rel}","templated":true}]}}