{"id":4011,"date":"2016-02-03T16:18:33","date_gmt":"2016-02-03T16:18:33","guid":{"rendered":"http:\/\/www.cgt-hopital-manosque.fr\/?p=4011"},"modified":"2016-02-03T18:22:14","modified_gmt":"2016-02-03T18:22:14","slug":"3-fevrier-2016-le-journal-de-lud-cgt-04-du-mois-de-janvier-2016","status":"publish","type":"post","link":"http:\/\/www.cgt-hopital-manosque.fr\/?p=4011","title":{"rendered":"2 f\u00e9vrier 2016 &#8211; Le journal de l&rsquo;UD CGT 04 du mois de janvier 2016"},"content":{"rendered":"<p><a href=\"http:\/\/www.cgt-hopital-manosque.fr\/wp-content\/uploads\/2016\/02\/677.-Sommaire-journal-UD-CGT-04-janvier-2016.jpg\"><img loading=\"lazy\" decoding=\"async\" src=\"http:\/\/www.cgt-hopital-manosque.fr\/wp-content\/uploads\/2016\/02\/677.-Sommaire-journal-UD-CGT-04-janvier-2016.jpg\" alt=\"Sommaire journal UD CGT 04 janvier 2016\" width=\"662\" height=\"936\" class=\"aligncenter size-full wp-image-4012\" srcset=\"http:\/\/www.cgt-hopital-manosque.fr\/wp-content\/uploads\/2016\/02\/677.-Sommaire-journal-UD-CGT-04-janvier-2016.jpg 662w, http:\/\/www.cgt-hopital-manosque.fr\/wp-content\/uploads\/2016\/02\/677.-Sommaire-journal-UD-CGT-04-janvier-2016-212x300.jpg 212w\" sizes=\"(max-width: 662px) 100vw, 662px\" \/><\/a><\/p>\n<p style= \"text-align: justify;\"><strong><br \/>\nSommaire :<\/p>\n<p>Page 1 : Edito d&rsquo;Alain Bard, SG UD CGT 04<\/p>\n<p>Pages 2 et 3 : Bilan 2015 et perspectives 2016 &#8211; Interview de C\u00e9dric Volait<\/p>\n<p>Page 3 : Que se passe-t-il sur le site d&rsquo;Ark\u00e9ma Saint Auban ? &#8211; Interview du syndicat CGT d&rsquo;Ark\u00e9ma<\/p>\n<p>Pages 5 et 6 : Journ\u00e9e de mobilisation du 26 janvier \u00e0 Digne les Bains \u00ab\u00a0L&rsquo;aust\u00e9rit\u00e9, \u00e7a suffit\u00a0\u00bb<\/p>\n<p>Page 7 : Les formations 2016 et quelques \u00e9v\u00e8nements<\/p>\n<p>Page 8 : Partenariat Pages 7 et 8<\/p>\n<p>POUR CONSULTER LE JOURNAL, <a href=\"http:\/\/www.cgt-hopital-manosque.fr\/wp-content\/uploads\/2016\/02\/677.-Journal-UD-CGT-janvier-2016.pdf\">CLIQUER ICI<\/a><\/p>\n<p><\/strong><\/p>\n","protected":false},"excerpt":{"rendered":"<p>Sommaire : Page 1 : Edito d&rsquo;Alain Bard, SG UD CGT 04 Pages 2 et 3 : Bilan 2015 et perspectives 2016 &#8211; Interview de C\u00e9dric Volait Page 3 : Que se passe-t-il sur le site d&rsquo;Ark\u00e9ma Saint Auban ? &#8211; Interview du syndicat CGT d&rsquo;Ark\u00e9ma Pages 5 et 6 : Journ\u00e9e de mobilisation du [&hellip;]<\/p>\n","protected":false},"author":1,"featured_media":0,"comment_status":"closed","ping_status":"closed","sticky":false,"template":"","format":"standard","meta":{"footnotes":""},"categories":[7],"tags":[],"views":2364,"_links":{"self":[{"href":"http:\/\/www.cgt-hopital-manosque.fr\/index.php?rest_route=\/wp\/v2\/posts\/4011"}],"collection":[{"href":"http:\/\/www.cgt-hopital-manosque.fr\/index.php?rest_route=\/wp\/v2\/posts"}],"about":[{"href":"http:\/\/www.cgt-hopital-manosque.fr\/index.php?rest_route=\/wp\/v2\/types\/post"}],"author":[{"embeddable":true,"href":"http:\/\/www.cgt-hopital-manosque.fr\/index.php?rest_route=\/wp\/v2\/users\/1"}],"replies":[{"embeddable":true,"href":"http:\/\/www.cgt-hopital-manosque.fr\/index.php?rest_route=%2Fwp%2Fv2%2Fcomments&post=4011"}],"version-history":[{"count":2,"href":"http:\/\/www.cgt-hopital-manosque.fr\/index.php?rest_route=\/wp\/v2\/posts\/4011\/revisions"}],"predecessor-version":[{"id":4016,"href":"http:\/\/www.cgt-hopital-manosque.fr\/index.php?rest_route=\/wp\/v2\/posts\/4011\/revisions\/4016"}],"wp:attachment":[{"href":"http:\/\/www.cgt-hopital-manosque.fr\/index.php?rest_route=%2Fwp%2Fv2%2Fmedia&parent=4011"}],"wp:term":[{"taxonomy":"category","embeddable":true,"href":"http:\/\/www.cgt-hopital-manosque.fr\/index.php?rest_route=%2Fwp%2Fv2%2Fcategories&post=4011"},{"taxonomy":"post_tag","embeddable":true,"href":"http:\/\/www.cgt-hopital-manosque.fr\/index.php?rest_route=%2Fwp%2Fv2%2Ftags&post=4011"}],"curies":[{"name":"wp","href":"https:\/\/api.w.org\/{rel}","templated":true}]}}