{"id":4036,"date":"2016-02-18T21:02:19","date_gmt":"2016-02-18T21:02:19","guid":{"rendered":"http:\/\/www.cgt-hopital-manosque.fr\/?p=4036"},"modified":"2016-02-18T21:03:37","modified_gmt":"2016-02-18T21:03:37","slug":"18-fevrier-2016-les-secretaires-medicales-mal-menees-a-lhopital","status":"publish","type":"post","link":"http:\/\/www.cgt-hopital-manosque.fr\/?p=4036","title":{"rendered":"18 f\u00e9vrier 2016 &#8211; Les secr\u00e9taires m\u00e9dicales mal men\u00e9es \u00e0 l&rsquo;h\u00f4pital"},"content":{"rendered":"<p><a href=\"http:\/\/www.cgt-hopital-manosque.fr\/wp-content\/uploads\/2016\/02\/681.-Gr\u00e8ve-secr\u00e9taires-m\u00e9dicales.jpg\"><img loading=\"lazy\" decoding=\"async\" src=\"http:\/\/www.cgt-hopital-manosque.fr\/wp-content\/uploads\/2016\/02\/681.-Gr\u00e8ve-secr\u00e9taires-m\u00e9dicales.jpg\" alt=\"Gr\u00e8ve secr\u00e9taires m\u00e9dicales\" width=\"1000\" height=\"640\" class=\"aligncenter size-full wp-image-4037\" srcset=\"http:\/\/www.cgt-hopital-manosque.fr\/wp-content\/uploads\/2016\/02\/681.-Gr\u00e8ve-secr\u00e9taires-m\u00e9dicales.jpg 1000w, http:\/\/www.cgt-hopital-manosque.fr\/wp-content\/uploads\/2016\/02\/681.-Gr\u00e8ve-secr\u00e9taires-m\u00e9dicales-300x192.jpg 300w\" sizes=\"(max-width: 1000px) 100vw, 1000px\" \/><\/a><\/p>\n<p style= \"text-align: justify;\">La modernit\u00e9 \u00e0 l&rsquo;h\u00f4pital, c&rsquo;est quoi ? Travailler plus, moins de personnels, moins de pouvoir d&rsquo;achat, une fa\u00e7on unique de travailler, moins d&rsquo;autonomie, des comparaisons permanentes entre \u00e9tablissements, une recherche de plus d&rsquo;efficience&#8230;Modernit\u00e9 rime \u00e9galement souvent avec mutualisation. <\/p>\n<p style= \"text-align: justify;\">Pour cela on fait souvent appel \u00e0 des prestataires ext\u00e9rieures qui vont faire des \u00e9tudes et des propositions, sans s&rsquo;int\u00e9resser au travail des salari\u00e9s concern\u00e9s, sans concertation. <\/p>\n<p style= \"text-align: justify;\">Et dans ce contexte, les secr\u00e9taires m\u00e9dicales, d\u00e9nomm\u00e9es maintenant AMA (Assistant M\u00e9dico-Administratif) sont particuli\u00e8rement vis\u00e9es par des projets de r\u00e9organisation. <\/p>\n<p style= \"text-align: justify;\">Le mouvement de gr\u00e8ve actuel des secr\u00e9taires m\u00e9dicales des h\u00f4pitaux de Lyon en t\u00e9moignent. Elles refusent, au c\u00f4t\u00e9 de la CGT, une r\u00e9organisation des secr\u00e9tariats m\u00e9dicaux, en fonction d&rsquo;un mod\u00e8le unique. On ne peut pas r\u00e9duire leur fonctionnement aux seuls d\u00e9croch\u00e9s t\u00e9l\u00e9phoniques et \u00e0 la frappe de comptes-rendus ou courriers. Elles demandent que soit reconnue la diversit\u00e9 de leur activit\u00e9. <\/p>\n<p style= \"text-align: justify;\">Les secr\u00e9taires m\u00e9dicales ne sont pas contre l&rsquo;\u00e9volution de l&rsquo;h\u00f4pital et des besoins des usagers, mais elles veulent \u00eatre associ\u00e9es aux r\u00e9flexions et d\u00e9cisions en tenant compte de leur travail r\u00e9el tout en reconnaissant la sp\u00e9cificit\u00e9 des sp\u00e9cialit\u00e9s. <\/p>\n<p style= \"text-align: justify;\">Sous couvert de modernit\u00e9, les secr\u00e9taires m\u00e9dicales paient le prix des plans de retour \u00e0 l&rsquo;\u00e9quilibre et des mesures d&rsquo;aust\u00e9rit\u00e9 o\u00f9 l&rsquo;objectif sera bien une suppression de postes&#8230;au d\u00e9triment de la qualit\u00e9 de leur travail, de l&rsquo;accueil des usagers et d&rsquo;un service public de qualit\u00e9. <\/p>\n<p style= \"text-align: justify;\">Au CHU de Tours, les secr\u00e9taires m\u00e9dicales sont \u00e9galement en col\u00e8re en ce d\u00e9but d&rsquo;ann\u00e9e, et un mouvement de gr\u00e8ve s&rsquo;est mis en place. En effet, la direction veut \u201c\u2009redistribuer\u2009\u201d les r\u00f4les des secr\u00e9taires m\u00e9dicales \u00e0 l\u2019h\u00f4pital, qui craignent la suppression de 150 postes sur 500, en trois ans. <\/p>\n<p style= \"text-align: justify;\">Les secr\u00e9taires m\u00e9dicales qui sont \u00ab la porte d&rsquo;entr\u00e9e \u00bb \u00e0 l&rsquo;h\u00f4pital, le premier contact du patient ou du m\u00e9decin, sont inqui\u00e8tes. En cause, le d\u00e9veloppement de la dict\u00e9e num\u00e9rique par reconnaissance vocale et la prise de rendez-vous par Internet. Un outil d\u00e9cid\u00e9 davantage pour supprimer des emplois dans le cadre du plan Touraine que pour am\u00e9liorer l&rsquo;accueil et la prise en charge des patients. <\/p>\n<p style= \"text-align: justify;\">Au CH du Mans, en ce d\u00e9but d&rsquo;ann\u00e9e, le mouvement de protestation des AMA a \u00e9t\u00e9 relanc\u00e9 suite \u00e0 la d\u00e9cision de la direction de prioriser le passage en classe sup et exceptionnelle pour les secr\u00e9taires \u00ab cadres \u00bb coordinatrices. Apr\u00e8s plusieurs mois de n\u00e9gociations avec la direction, la proposition des AMA et de la CGT de passer hors ratio ces agents n\u2019a pas \u00e9t\u00e9 prise en compte. Ils vont essayer de mobiliser les AMA pour tenter de cr\u00e9er un rapport de force dans les semaines \u00e0 venir. <\/p>\n<p style= \"text-align: justify;\">Concernant notre r\u00e9gion, il y avait eu plusieurs mouvements de gr\u00e8ve les concernant au CH d&rsquo;Avignon notamment suite \u00e0 un refus de r\u00e8glement int\u00e9rieur, puis suite \u00e0 une r\u00e9organisation des secr\u00e9tariats m\u00e9dicaux, sans concertation, impactant 170 secr\u00e9taires m\u00e9dicales (le codage avait \u00e9t\u00e9 arr\u00eat\u00e9). Elles avaient obtenu gain de cause. <\/p>\n<p style= \"text-align: justify;\">A l&rsquo;h\u00f4pital de Manosque, il y avait eu un gros mouvement de gr\u00e8ve contre la suppression des temps partiels \u00e0 80%. Les secr\u00e9taires m\u00e9dicales, particuli\u00e8rement concern\u00e9es, s&rsquo;\u00e9taient fortement mobilis\u00e9es. Victoire encore de la CGT et des salari\u00e9s. <\/p>\n<p style= \"text-align: justify;\">Toujours \u00e0 l&rsquo;h\u00f4pital de Manosque, la CGT ne cesse de d\u00e9noncer la situation des adjoints administratifs faisant fonction d\u2019AMA. Des accords ont \u00e9t\u00e9 trouv\u00e9s afin de r\u00e9gulariser progressivement leur situation bloqu\u00e9e depuis de nombreuses ann\u00e9es. Les diff\u00e9rents changements de DRH ont fait perdre beaucoup de temps sur ce dossier et n&rsquo;a pas permis de le mettre en pratique. En effet, les AMA peuvent \u00eatre recrut\u00e9s parmi les adjoints administratifs hospitaliers et les permanenciers auxiliaires de r\u00e9gulation m\u00e9dicale justifiant de 9 ans de services publics inscrits sur une liste d\u2019aptitude \u00e9tablie dans chaque \u00e9tablissement apr\u00e8s avis de la CAP (D\u00e9cret 2011-660 du 14 juin 2011). <\/p>\n<p style= \"text-align: justify;\">En ce moment, \u00e0 l&rsquo;h\u00f4pital de Gap (le CHICAS), la direction vient d&rsquo;annoncer ces derniers jours des modifications d&rsquo;organisation et la mise en place de la dict\u00e9e num\u00e9rique. La CGT a sorti un tract pour pr\u00e9venir les salari\u00e9s et a pris contact avec les AMA pour r\u00e9fl\u00e9chir \u00e0 une \u00e9ventuelle mobilisation, en regardant de tr\u00e8s pr\u00e8s \u00e9galement ce qui se passe au CHU du Tours o\u00f9 on est pass\u00e9 de l&rsquo;\u00e9tape de l&rsquo;annonce \u00e0 celui du projet. <\/p>\n<p style= \"text-align: justify;\">Seule une mobilisation importante des secr\u00e9taires pourra imposer un rapport de force en leur faveur. Mais, il faudra plus que jamais travailler la converge des luttes, et d\u00e9marrer du sp\u00e9cifique pour arriver au tous ensemble. Pour chaque lutte, il est important de cr\u00e9er une prise en compte et une solidarit\u00e9 collective. Les salari\u00e9s pourront compter sur une CGT d\u00e9termin\u00e9e et offensive dans les mois \u00e0 venir o\u00f9 la situation va se durcir consid\u00e9rablement. <\/p>\n","protected":false},"excerpt":{"rendered":"<p>La modernit\u00e9 \u00e0 l&rsquo;h\u00f4pital, c&rsquo;est quoi ? Travailler plus, moins de personnels, moins de pouvoir d&rsquo;achat, une fa\u00e7on unique de travailler, moins d&rsquo;autonomie, des comparaisons permanentes entre \u00e9tablissements, une recherche de plus d&rsquo;efficience&#8230;Modernit\u00e9 rime \u00e9galement souvent avec mutualisation. Pour cela on fait souvent appel \u00e0 des prestataires ext\u00e9rieures qui vont faire des \u00e9tudes et des [&hellip;]<\/p>\n","protected":false},"author":1,"featured_media":0,"comment_status":"closed","ping_status":"closed","sticky":false,"template":"","format":"standard","meta":{"footnotes":""},"categories":[7],"tags":[],"views":1692,"_links":{"self":[{"href":"http:\/\/www.cgt-hopital-manosque.fr\/index.php?rest_route=\/wp\/v2\/posts\/4036"}],"collection":[{"href":"http:\/\/www.cgt-hopital-manosque.fr\/index.php?rest_route=\/wp\/v2\/posts"}],"about":[{"href":"http:\/\/www.cgt-hopital-manosque.fr\/index.php?rest_route=\/wp\/v2\/types\/post"}],"author":[{"embeddable":true,"href":"http:\/\/www.cgt-hopital-manosque.fr\/index.php?rest_route=\/wp\/v2\/users\/1"}],"replies":[{"embeddable":true,"href":"http:\/\/www.cgt-hopital-manosque.fr\/index.php?rest_route=%2Fwp%2Fv2%2Fcomments&post=4036"}],"version-history":[{"count":4,"href":"http:\/\/www.cgt-hopital-manosque.fr\/index.php?rest_route=\/wp\/v2\/posts\/4036\/revisions"}],"predecessor-version":[{"id":4041,"href":"http:\/\/www.cgt-hopital-manosque.fr\/index.php?rest_route=\/wp\/v2\/posts\/4036\/revisions\/4041"}],"wp:attachment":[{"href":"http:\/\/www.cgt-hopital-manosque.fr\/index.php?rest_route=%2Fwp%2Fv2%2Fmedia&parent=4036"}],"wp:term":[{"taxonomy":"category","embeddable":true,"href":"http:\/\/www.cgt-hopital-manosque.fr\/index.php?rest_route=%2Fwp%2Fv2%2Fcategories&post=4036"},{"taxonomy":"post_tag","embeddable":true,"href":"http:\/\/www.cgt-hopital-manosque.fr\/index.php?rest_route=%2Fwp%2Fv2%2Ftags&post=4036"}],"curies":[{"name":"wp","href":"https:\/\/api.w.org\/{rel}","templated":true}]}}