{"id":4042,"date":"2016-02-18T21:14:06","date_gmt":"2016-02-18T21:14:06","guid":{"rendered":"http:\/\/www.cgt-hopital-manosque.fr\/?p=4042"},"modified":"2016-02-18T21:22:31","modified_gmt":"2016-02-18T21:22:31","slug":"19-fevrier-2016-se-syndiquer-oui-mais","status":"publish","type":"post","link":"http:\/\/www.cgt-hopital-manosque.fr\/?p=4042","title":{"rendered":"19 f\u00e9vrier 2016 &#8211; Se syndiquer oui&#8230; mais&#8230;"},"content":{"rendered":"<p style= \"text-align: justify;\">La CGT est ouverte \u00e0 tous les salari\u00e9s, femmes et hommes, actifs, priv\u00e9s d\u2019emploi et retrait\u00e9s, quels que soient leur statut social et professionnel, leur nationalit\u00e9, leurs opinions politiques, philosophiques et religieuses. <\/p>\n<p style= \"text-align: justify;\">Son but est de d\u00e9fendre avec eux leurs droits et int\u00e9r\u00eats professionnels, moraux et mat\u00e9riels, sociaux et \u00e9conomiques, individuels et collectifs. <\/p>\n<p style= \"text-align: justify;\">Ceci \u00e9tant de nombreux salari\u00e9s se posent des questions quand \u00e0 leur adh\u00e9sion ou non \u00e0 une organisation syndicale. Nous allons tenter d\u2019y apporter quelques r\u00e9ponses. <\/p>\n<p style= \"text-align: justify;\"> <strong>\u00ab\u00a0Il y a trop de syndicats, je ne sais pas lequel choisir !\u00a0\u00bb <\/strong><\/p>\n<p style= \"text-align: justify;\">C\u2019est vrai, c\u2019est une caract\u00e9ristique fran\u00e7aise. Mais la CGT recherche toujours l\u2019unit\u00e9 d\u2019action. Ton choix ne doit pas \u00eatre un frein. \u00c0 la CGT, ce sont tes id\u00e9es qui comptent et tu apporteras ta contribution au syndicat. <\/p>\n<p style= \"text-align: justify;\"> <strong>\u00ab\u00a0O\u00f9 va l\u2019argent de ma cotisation ?\u00a0\u00bb <\/strong> <\/p>\n<p style= \"text-align: justify;\">L\u2019action collective n\u00e9cessite des moyens et ta cotisation permet l\u2019expression de la CGT par les tracts, affiches, r\u00e9unions, formation syndicale&#8230;<br \/>\n1% de ton salaire net mensuel permet le financement solidaire des structures de la CGT et ouvre droit \u00e0 un cr\u00e9dit d&rsquo;imp\u00f4t de 66% du montant de la cotisation.<br \/>\nPour ex : sur  une cotisation de 10 \u20ac \/ mois,  6,6 \u20ac seront d\u00e9duits de tes imp\u00f4ts ou te seront rembours\u00e9s si tu n&rsquo;es pas imposable, ta cotisation effective est de 3,4\u20ac par mois. <\/p>\n<p style= \"text-align: justify;\"> <strong>\u00ab\u00a0J\u2019aurai le droit \u00e0 quoi ?\u00a0\u00bb <\/strong><\/p>\n<p style= \"text-align: justify;\">D\u2019abord \u00e0 la libert\u00e9 d\u2019agir individuellement et collectivement pour faire valoir tes droits sur le code du travail, sur ta convention collective, sur les accords dans ton entreprise, sur ton statut et puis aussi le droit aux informations particuli\u00e8res de nature juridique ou autre. <\/p>\n<p style= \"text-align: justify;\"> <strong>\u00ab\u00a0Est-ce qu\u2019on m\u2019\u00e9coutera ?\u00a0\u00bb <\/strong><\/p>\n<p style= \"text-align: justify;\">La CGT, ce sont les adh\u00e9rents qui d\u00e9cident&#8230; chacun compte pour un !<br \/>\nCe sont les propositions de la base qui remontent  vers les responsables nationaux et non les directives qui arrivent d\u2019en \u00ab haut \u00bb. <\/p>\n<p style= \"text-align: justify;\"> <strong>\u00ab\u00a0Est-ce que j\u2019aurai ma place dans le syndicat ?\u00a0\u00bb <\/strong><\/p>\n<p style= \"text-align: justify;\">C\u2019est la place que tu auras envie de prendre selon ta disponibilit\u00e9 et ton investissement. Mais sache que tous les salari\u00e9s ont leur place dans le syndicat ! <\/p>\n<p style= \"text-align: justify;\"> <strong>\u00ab\u00a0Est-ce que je pourrai b\u00e9n\u00e9ficier d\u2019une formation ?\u00a0\u00bb <\/strong><\/p>\n<p>La CGT ambitionne la participation de tous les syndiqu\u00e9s \u00e0 la formation syndicale d\u00e8s leur adh\u00e9sion. Plusieurs types et niveaux de formation de caract\u00e8re g\u00e9n\u00e9ral ou sp\u00e9cifique sont propos\u00e9s. <\/p>\n<p style= \"text-align: justify;\"> <strong>\u00ab\u00a0Le patron d\u00e9cide de tout dans la bo\u00eete\u00a0\u00bb <\/strong><\/p>\n<p>Rien n\u2019est in\u00e9luctable. On peut faire changer les choses gr\u00e2ce \u00e0 l\u2019action collective car le syndicat est le lieu naturel pour que les salari\u00e9s d\u00e9battent, s\u2019organisent et agissent pour leurs droits et leurs revendications. \u00catre syndiqu\u00e9, c\u2019est ne plus \u00eatre isol\u00e9 ! <\/p>\n<p style= \"text-align: justify;\"> <strong>\u00ab\u00a0Les syndicats sont trop politiciens et loin de mes pr\u00e9occupations\u00a0\u00bb <\/strong><\/p>\n<p>La CGT d\u00e9fend les int\u00e9r\u00eats des salari\u00e9s qui sont g\u00e9n\u00e9ralement diff\u00e9rents de ceux des patrons. Et pour \u00eatre efficace, il ne faut rien s\u2019interdire : propositions, n\u00e9gociations et luttes. L\u2019action de la CGT n\u2019est pas subordonn\u00e9e \u00e0 l\u2019influence de partis politiques ou d\u2019associations. Mais la CGT entend bien repr\u00e9senter les salari\u00e9s dans la soci\u00e9t\u00e9 car ils ont un r\u00f4le d\u2019acteur social. <\/p>\n<p style= \"text-align: justify;\"> \u00ab Temps syndical \u00bb ne signifie pas \u00ab cong\u00e9 syndical \u00bb \u00e0 la CGT.<br \/>\nLes salari\u00e9s nous accordent leur confiance en votant pour nous et nous honorons nos mandats avec le plus grand  respect  de ce choix.  C\u2019est pourquoi chaque heure syndicale est une heure de travail. <\/p>\n","protected":false},"excerpt":{"rendered":"<p>La CGT est ouverte \u00e0 tous les salari\u00e9s, femmes et hommes, actifs, priv\u00e9s d\u2019emploi et retrait\u00e9s, quels que soient leur statut social et professionnel, leur nationalit\u00e9, leurs opinions politiques, philosophiques et religieuses. Son but est de d\u00e9fendre avec eux leurs droits et int\u00e9r\u00eats professionnels, moraux et mat\u00e9riels, sociaux et \u00e9conomiques, individuels et collectifs. Ceci \u00e9tant [&hellip;]<\/p>\n","protected":false},"author":1,"featured_media":0,"comment_status":"closed","ping_status":"closed","sticky":false,"template":"","format":"standard","meta":{"footnotes":""},"categories":[7],"tags":[],"views":1667,"_links":{"self":[{"href":"http:\/\/www.cgt-hopital-manosque.fr\/index.php?rest_route=\/wp\/v2\/posts\/4042"}],"collection":[{"href":"http:\/\/www.cgt-hopital-manosque.fr\/index.php?rest_route=\/wp\/v2\/posts"}],"about":[{"href":"http:\/\/www.cgt-hopital-manosque.fr\/index.php?rest_route=\/wp\/v2\/types\/post"}],"author":[{"embeddable":true,"href":"http:\/\/www.cgt-hopital-manosque.fr\/index.php?rest_route=\/wp\/v2\/users\/1"}],"replies":[{"embeddable":true,"href":"http:\/\/www.cgt-hopital-manosque.fr\/index.php?rest_route=%2Fwp%2Fv2%2Fcomments&post=4042"}],"version-history":[{"count":5,"href":"http:\/\/www.cgt-hopital-manosque.fr\/index.php?rest_route=\/wp\/v2\/posts\/4042\/revisions"}],"predecessor-version":[{"id":4048,"href":"http:\/\/www.cgt-hopital-manosque.fr\/index.php?rest_route=\/wp\/v2\/posts\/4042\/revisions\/4048"}],"wp:attachment":[{"href":"http:\/\/www.cgt-hopital-manosque.fr\/index.php?rest_route=%2Fwp%2Fv2%2Fmedia&parent=4042"}],"wp:term":[{"taxonomy":"category","embeddable":true,"href":"http:\/\/www.cgt-hopital-manosque.fr\/index.php?rest_route=%2Fwp%2Fv2%2Fcategories&post=4042"},{"taxonomy":"post_tag","embeddable":true,"href":"http:\/\/www.cgt-hopital-manosque.fr\/index.php?rest_route=%2Fwp%2Fv2%2Ftags&post=4042"}],"curies":[{"name":"wp","href":"https:\/\/api.w.org\/{rel}","templated":true}]}}