{"id":4068,"date":"2016-03-02T11:16:02","date_gmt":"2016-03-02T11:16:02","guid":{"rendered":"http:\/\/www.cgt-hopital-manosque.fr\/?p=4068"},"modified":"2016-03-02T11:30:08","modified_gmt":"2016-03-02T11:30:08","slug":"2-mars-2016-le-journal-de-lud-cgt-04-du-mois-de-fevrier-2016","status":"publish","type":"post","link":"http:\/\/www.cgt-hopital-manosque.fr\/?p=4068","title":{"rendered":"2 mars 2016 &#8211; Le journal de l&rsquo;UD CGT 04 du mois de f\u00e9vrier 2016"},"content":{"rendered":"<p><a href=\"http:\/\/www.cgt-hopital-manosque.fr\/wp-content\/uploads\/2016\/03\/685.-Sommaire-UD-CGT-04-f\u00e9vrier-2016-V2.jpg\"><img loading=\"lazy\" decoding=\"async\" src=\"http:\/\/www.cgt-hopital-manosque.fr\/wp-content\/uploads\/2016\/03\/685.-Sommaire-UD-CGT-04-f\u00e9vrier-2016-V2.jpg\" alt=\"Sommaire UD CGT 04 f\u00e9vrier 2016 V2\" width=\"627\" height=\"907\" class=\"aligncenter size-full wp-image-4073\" srcset=\"http:\/\/www.cgt-hopital-manosque.fr\/wp-content\/uploads\/2016\/03\/685.-Sommaire-UD-CGT-04-f\u00e9vrier-2016-V2.jpg 627w, http:\/\/www.cgt-hopital-manosque.fr\/wp-content\/uploads\/2016\/03\/685.-Sommaire-UD-CGT-04-f\u00e9vrier-2016-V2-207x300.jpg 207w\" sizes=\"(max-width: 627px) 100vw, 627px\" \/><\/a><\/p>\n<p style= \"text-align: justify;\"><strong><br \/>\nSommaire :<\/p>\n<p>Pages 1 \u00e0 2  : Edito Ghislaine ROUSSEL, SG USD Sant\u00e9 et Action Sociale : 8 MARS 2016 Journ\u00e9e internationale de lutte pour le droit des femmes &#8211; \u00abLa fatalit\u00e9 ne triomphe<br \/>\nque si l&rsquo;on y croit\u00bb <\/p>\n<p>Pages 2 \u00e0 3 :  Interview d&rsquo;Evelyne Mathieu sur la journ\u00e9e d&rsquo;\u00e9tude du 3 f\u00e9vrier \u00e0 Montreuil contre le sexisme et les violences faites aux femmes sur le lieu de travail <\/p>\n<p>Pages 4 \u00e0 5 : Pas de r\u00e9animation \u00e0 Manosque : 20 vies perdues par an &#8211; 04 et Haut Var en \u00e9tat d\u2019urgence sanitaire ! &#8211; Interview de Jean-Fran\u00e7ois Pellarrey Pr\u00e9sident du collectif pour une r\u00e9animation \u00e0 Manosque<\/p>\n<p>Page 5 : A la rencontre des saisonniers les 3 et 4 f\u00e9vrier<\/p>\n<p>Pages 6 \u00e0 7 : Et maintenant&#8230;la d\u00e9ch\u00e9ance sociale ! &#8211; Un retour au 19\u00e8me si\u00e8cle pour les salari\u00e9s &#8211; Interview de C\u00e9dric Volait<\/p>\n<p> Page 7 : Info 51\u00e8me congr\u00e8s de la CGT<\/p>\n<p>Page 8 : Actualit\u00e9s INDECOSA CGT (la r\u00e9gie de l&rsquo;eau sur Digne et alentours \/ la situation du logement dans le 04 \/ l&rsquo;AG de l&rsquo;association du 5 avril)<\/p>\n<p>POUR CONSULTER LE JOURNAL, <a href=\"http:\/\/www.cgt-hopital-manosque.fr\/wp-content\/uploads\/2016\/03\/685.-Journal-UD-CGT-04-f\u00e9vrier-2016-V2.pdf\">CLIQUER ICI<\/a><\/p>\n<p><\/strong><\/p>\n","protected":false},"excerpt":{"rendered":"<p>Sommaire : Pages 1 \u00e0 2 : Edito Ghislaine ROUSSEL, SG USD Sant\u00e9 et Action Sociale : 8 MARS 2016 Journ\u00e9e internationale de lutte pour le droit des femmes &#8211; \u00abLa fatalit\u00e9 ne triomphe que si l&rsquo;on y croit\u00bb Pages 2 \u00e0 3 : Interview d&rsquo;Evelyne Mathieu sur la journ\u00e9e d&rsquo;\u00e9tude du 3 f\u00e9vrier \u00e0 [&hellip;]<\/p>\n","protected":false},"author":1,"featured_media":0,"comment_status":"closed","ping_status":"closed","sticky":false,"template":"","format":"standard","meta":{"footnotes":""},"categories":[1],"tags":[],"views":1575,"_links":{"self":[{"href":"http:\/\/www.cgt-hopital-manosque.fr\/index.php?rest_route=\/wp\/v2\/posts\/4068"}],"collection":[{"href":"http:\/\/www.cgt-hopital-manosque.fr\/index.php?rest_route=\/wp\/v2\/posts"}],"about":[{"href":"http:\/\/www.cgt-hopital-manosque.fr\/index.php?rest_route=\/wp\/v2\/types\/post"}],"author":[{"embeddable":true,"href":"http:\/\/www.cgt-hopital-manosque.fr\/index.php?rest_route=\/wp\/v2\/users\/1"}],"replies":[{"embeddable":true,"href":"http:\/\/www.cgt-hopital-manosque.fr\/index.php?rest_route=%2Fwp%2Fv2%2Fcomments&post=4068"}],"version-history":[{"count":5,"href":"http:\/\/www.cgt-hopital-manosque.fr\/index.php?rest_route=\/wp\/v2\/posts\/4068\/revisions"}],"predecessor-version":[{"id":4077,"href":"http:\/\/www.cgt-hopital-manosque.fr\/index.php?rest_route=\/wp\/v2\/posts\/4068\/revisions\/4077"}],"wp:attachment":[{"href":"http:\/\/www.cgt-hopital-manosque.fr\/index.php?rest_route=%2Fwp%2Fv2%2Fmedia&parent=4068"}],"wp:term":[{"taxonomy":"category","embeddable":true,"href":"http:\/\/www.cgt-hopital-manosque.fr\/index.php?rest_route=%2Fwp%2Fv2%2Fcategories&post=4068"},{"taxonomy":"post_tag","embeddable":true,"href":"http:\/\/www.cgt-hopital-manosque.fr\/index.php?rest_route=%2Fwp%2Fv2%2Ftags&post=4068"}],"curies":[{"name":"wp","href":"https:\/\/api.w.org\/{rel}","templated":true}]}}