{"id":4118,"date":"2016-03-10T17:36:46","date_gmt":"2016-03-10T17:36:46","guid":{"rendered":"http:\/\/www.cgt-hopital-manosque.fr\/?p=4118"},"modified":"2016-03-10T17:36:46","modified_gmt":"2016-03-10T17:36:46","slug":"10-mars-2016-bonjour-je-souhaiterais-savoir-si-jai-droit-a-des-jours-dabsence-pour-conclure-un-pacs","status":"publish","type":"post","link":"http:\/\/www.cgt-hopital-manosque.fr\/?p=4118","title":{"rendered":"10 mars 2016 &#8211; Bonjour, je souhaiterais savoir si j\u2019ai droit \u00e0 des jours d&rsquo;absence pour conclure un PACS ?"},"content":{"rendered":"<p><a href=\"http:\/\/www.cgt-hopital-manosque.fr\/wp-content\/uploads\/2015\/10\/642.-Question-r\u00e9ponse-sur-la-maladie-et-la-retraite.png\"><img loading=\"lazy\" decoding=\"async\" src=\"http:\/\/www.cgt-hopital-manosque.fr\/wp-content\/uploads\/2015\/10\/642.-Question-r\u00e9ponse-sur-la-maladie-et-la-retraite.png\" alt=\"Question r\u00e9ponse sur la maladie et la retraite CGT\" width=\"380\" height=\"140\" class=\"aligncenter size-full wp-image-3844\" srcset=\"http:\/\/www.cgt-hopital-manosque.fr\/wp-content\/uploads\/2015\/10\/642.-Question-r\u00e9ponse-sur-la-maladie-et-la-retraite.png 380w, http:\/\/www.cgt-hopital-manosque.fr\/wp-content\/uploads\/2015\/10\/642.-Question-r\u00e9ponse-sur-la-maladie-et-la-retraite-300x111.png 300w\" sizes=\"(max-width: 380px) 100vw, 380px\" \/><\/a><\/p>\n<p style= \"text-align: justify;\">Les fonctionnaires b\u00e9n\u00e9ficient d&rsquo;autorisations exceptionnelles d&rsquo;absence pour des \u00e9v\u00e8nements familiaux (article 45-6\u00b0 de la loi n\u00b0 86-33 du 9 janvier 1986). Le PACS rentre dans ce cadre. Ainsi, la circulaire DHOS\/P 1 n\u00b0 2001-507 du 23 octobre 2001 et la circulaire n\u00b0 002874 du 07 mai 2001 relative aux autorisations exceptionnelles d&rsquo;absence et au pacte civil de solidarit\u00e9 pr\u00e9cisent qu&rsquo; \u00ab\u00a0il convient de prendre en compte les demandes d&rsquo;autorisation sp\u00e9ciale d&rsquo;absence formul\u00e9es par les agents publics partenaires d&rsquo;un PACS dans les m\u00eames conditions que celles pr\u00e9vues pour les agents mari\u00e9s par l&rsquo;instruction n\u00b0 7 du 23 mars 1950 relative aux cong\u00e9s annuels et aux autorisations exceptionnelles d&rsquo;absence.\u00a0\u00bb <\/p>\n<p style= \"text-align: justify;\">Les agents publics pourront donc se voir accorder, \u00e0 l&rsquo;occasion de la conclusion d&rsquo;un PACS, un maximum de cinq jours ouvrables, et en cas de d\u00e9c\u00e8s ou de maladie tr\u00e8s grave de la personne li\u00e9e par un PACS, un maximum de trois jours ouvrables, sous r\u00e9serve<br \/>\nde l\u2019int\u00e9r\u00eat du service. <\/p>\n<p style= \"text-align: justify;\">Les textes pr\u00e9cisent que les demandes d\u2019autorisations exceptionnelles au titre d\u2019un PACS, doivent \u00eatre prises en compte dans les m\u00eames conditions que celles relatives au mariage de l\u2019agent int\u00e9ress\u00e9. En outre, il est possible de cumuler plusieurs absences exceptionnelles pour motif familial m\u00eame apr\u00e8s avoir conclu un PACS. D\u00e8s lors, l\u2019agent a la possibilit\u00e9 de b\u00e9n\u00e9ficier de 5 autres jours ouvrables d\u2019absence au titre de son mariage, post\u00e9rieurement \u00e0 ceux obtenus quelques mois plus t\u00f4t au titre de la conclusion d\u2019un PACS. <\/p>\n","protected":false},"excerpt":{"rendered":"<p>Les fonctionnaires b\u00e9n\u00e9ficient d&rsquo;autorisations exceptionnelles d&rsquo;absence pour des \u00e9v\u00e8nements familiaux (article 45-6\u00b0 de la loi n\u00b0 86-33 du 9 janvier 1986). Le PACS rentre dans ce cadre. Ainsi, la circulaire DHOS\/P 1 n\u00b0 2001-507 du 23 octobre 2001 et la circulaire n\u00b0 002874 du 07 mai 2001 relative aux autorisations exceptionnelles d&rsquo;absence et au pacte [&hellip;]<\/p>\n","protected":false},"author":1,"featured_media":0,"comment_status":"closed","ping_status":"closed","sticky":false,"template":"","format":"standard","meta":{"footnotes":""},"categories":[5],"tags":[],"views":1750,"_links":{"self":[{"href":"http:\/\/www.cgt-hopital-manosque.fr\/index.php?rest_route=\/wp\/v2\/posts\/4118"}],"collection":[{"href":"http:\/\/www.cgt-hopital-manosque.fr\/index.php?rest_route=\/wp\/v2\/posts"}],"about":[{"href":"http:\/\/www.cgt-hopital-manosque.fr\/index.php?rest_route=\/wp\/v2\/types\/post"}],"author":[{"embeddable":true,"href":"http:\/\/www.cgt-hopital-manosque.fr\/index.php?rest_route=\/wp\/v2\/users\/1"}],"replies":[{"embeddable":true,"href":"http:\/\/www.cgt-hopital-manosque.fr\/index.php?rest_route=%2Fwp%2Fv2%2Fcomments&post=4118"}],"version-history":[{"count":1,"href":"http:\/\/www.cgt-hopital-manosque.fr\/index.php?rest_route=\/wp\/v2\/posts\/4118\/revisions"}],"predecessor-version":[{"id":4119,"href":"http:\/\/www.cgt-hopital-manosque.fr\/index.php?rest_route=\/wp\/v2\/posts\/4118\/revisions\/4119"}],"wp:attachment":[{"href":"http:\/\/www.cgt-hopital-manosque.fr\/index.php?rest_route=%2Fwp%2Fv2%2Fmedia&parent=4118"}],"wp:term":[{"taxonomy":"category","embeddable":true,"href":"http:\/\/www.cgt-hopital-manosque.fr\/index.php?rest_route=%2Fwp%2Fv2%2Fcategories&post=4118"},{"taxonomy":"post_tag","embeddable":true,"href":"http:\/\/www.cgt-hopital-manosque.fr\/index.php?rest_route=%2Fwp%2Fv2%2Ftags&post=4118"}],"curies":[{"name":"wp","href":"https:\/\/api.w.org\/{rel}","templated":true}]}}