{"id":4134,"date":"2016-03-22T21:16:13","date_gmt":"2016-03-22T21:16:13","guid":{"rendered":"http:\/\/www.cgt-hopital-manosque.fr\/?p=4134"},"modified":"2016-07-09T14:07:14","modified_gmt":"2016-07-09T14:07:14","slug":"23mars-2016-des-politiques-publiques-pour-repondre-aux-injonctions-de-lunion-europeenne-et-au-service-du-patronat-synthese-des-echanges-relatifs-a-la-demi-journee-dinformation-de-la-cgt-de-l","status":"publish","type":"post","link":"http:\/\/www.cgt-hopital-manosque.fr\/?p=4134","title":{"rendered":"23 mars 2016 &#8211; Des politiques publiques pour r\u00e9pondre aux injonctions de l&rsquo;Union Europ\u00e9enne et au service du Patronat : Synth\u00e8se des \u00e9changes relatifs \u00e0 la demi-journ\u00e9e d&rsquo;information de la CGT de l&rsquo;h\u00f4pital de Manosque du 22 mars 2016"},"content":{"rendered":"<p style= \"text-align: justify;\">Les diff\u00e9rentes lois successives (Macron, Rebsamen&#8230;) mettent en lumi\u00e8re la soumission aux injonctions de l\u2019Union Europ\u00e9enne visant \u00e0 faire de l\u2019aust\u00e9rit\u00e9 le mod\u00e8le unique, s\u2019attaquant aux droits des salari\u00e9s, le droit du travail et de l\u2019\u00e9conomie. Elles accentuent ainsi les \u00e9volutions sur le r\u00f4le de l\u2019Etat, dans la droite ligne de la r\u00e9forme territoriale et de l\u2019Etat. Un Etat au service du capital dans le cadre de la comp\u00e9tition \u00e9conomique europ\u00e9enne et mondiale afin d\u2019accro\u00eetre les profits par un dumping-social r\u00e9voltant pour les salari\u00e9s des diff\u00e9rents pays. <\/p>\n<p style= \"text-align: justify;\">L\u2019objectif du gouvernement \u00e9tant de soulager le patronat et les capitaux des entreprises des \u00ab contraintes \u00bb impos\u00e9es par le droit du travail, pour g\u00e9n\u00e9rer toujours plus de b\u00e9n\u00e9fices en un temps le plus restreint possible, quel qu\u2019en soit le co\u00fbt salarial et humain ! <\/p>\n<p style= \"text-align: justify;\">La transformation en profondeur du \u00ab mod\u00e8le social fran\u00e7ais \u00bb vers un mod\u00e8le lib\u00e9ral et mondialis\u00e9 se poursuit, laissant ainsi la r\u00e9gulation aux march\u00e9s, principalement sp\u00e9culatif et financier, en esp\u00e9rant que cela redressera peut \u00eatre l\u2019\u00e9conomie\u2026mais cette politique ne fait qu&rsquo;accro\u00eetre le ch\u00f4mage. Le projet de loi travail a \u00e9t\u00e9 r\u00e9dig\u00e9 dans ce cadre l\u00e0, en allant encore plus loin&#8230;un r\u00e9veil citoyen est indispensable&#8230;les jeunes sont en train de montrer la voie ! <\/p>\n<p style= \"text-align: justify;\"> <strong>>>>> PROJET DE LOI TRAVAIL \u00ab\u00a0EL KHOMRI\u00a0\u00bb<\/strong><\/p>\n<p style= \"text-align: justify;\">Le Premier Ministre a d\u00e9cid\u00e9 de reculer suite \u00e0 la mobilisation du 9 mars. Il a dit vouloir rassembler, en effet, il a rassembl\u00e9 contre lui ! <\/p>\n<p style= \"text-align: justify;\">Nous sommes dans un sc\u00e9nario grotesque. Le texte de ce projet de loi a \u00e9t\u00e9 \u00e9crit dans un premier temps sous la dict\u00e9e du MEDEF, P. Gattaz ne s&rsquo;en est pas cach\u00e9 d&rsquo;ailleurs.<br \/>\nEt nous sommes pass\u00e9s ensuite \u00e0 des amendements sous la dict\u00e9e de Laurent Berger de la CFDT.<br \/>\nTout cela fait bien peu de cas de l&rsquo;int\u00e9r\u00eat g\u00e9n\u00e9ral et de la question r\u00e9elle du ch\u00f4mage, et du droit du travail, puisque dans un cas comme dans l&rsquo;autre, il s&rsquo;agit d&rsquo;attentions politiciennes. <\/p>\n<p style= \"text-align: justify;\">Pourtant, c&rsquo;est le sort de millions de travailleurs qui est en jeu ! <\/p>\n<p style= \"text-align: justify;\">Si on regarde de plus pr\u00e8s les amendements r\u00e9cents. Par exemple, la suppression du plafonnement des indemnit\u00e9s prud&rsquo;homales. Il \u00e9tait imp\u00e9ratif dans le projet initial, il devient indicatif. Pourquoi ne pas le supprimer ? Tout simplement car il y a l&rsquo;id\u00e9e de faire pression sur les juges.<br \/>\nLa plupart des amendements vont dans ce sens et sont des tours de passe-passe. <\/p>\n<p style= \"text-align: justify;\">Sur l&rsquo;essentiel, la ligne directrice n&rsquo;est pas chang\u00e9e. Et ce qui est important dans ce texte, c&rsquo;est ce qu&rsquo;on appelle la hi\u00e9rarchie des normes. En effet, autrefois les accords d&rsquo;entreprise \u00e9taient parfaitement possibles mais ils devaient toujours \u00eatre plus favorables que la loi. Aujourd&rsquo;hui, les accords d&rsquo;entreprise vont pouvoir \u00eatre inf\u00e9rieurs \u00e0 la loi, et m\u00eame compl\u00e8tement d\u00e9mantibuler le droit du travail. C&rsquo;est cela la philosophie du texte. Cette philosophie n&rsquo;a pas chang\u00e9. C&rsquo;est pour cela que la mobilisation va se poursuivre. <\/p>\n<p style= \"text-align: justify;\">Chaque projet de loi fait partie d&rsquo;une strat\u00e9gie globale! Par exemple, la loi Rebsamen, charg\u00e9e d\u2019affaiblir certains syndicats et les CHSCT en vue de favoriser les \u00ab accords majoritaires \u00bb dans l\u2019entreprise, et la loi Macron, con\u00e7ue pour mettre \u00e0 mort les Prud\u2019hommes, l\u2019inspection du travail, flexibiliser et diminuer le co\u00fbt des licenciements massifs, n\u2019ont \u00e9t\u00e9 que les pr\u00e9ludes pr\u00e9parant \u00e0 la g\u00e9n\u00e9ralisation de l\u2019accord d\u2019entreprise. Elles ont \u00e9t\u00e9 r\u00e9dig\u00e9es pour pr\u00e9parer le terrain pour amplifier leur strat\u00e9gie et frapper un grand coup. En effet, la r\u00e9sistance des travailleurs et plus globalement des citoyens n&rsquo;a pas \u00e9t\u00e9 \u00e0 la hauteur ces derni\u00e8res ann\u00e9es. Ils se sont dit : \u00ab\u00a0on va faire vite et fort pour enfoncer le clou\u00a0\u00bb, et satisfaire le Patronat et l&rsquo;Union Europ\u00e9enne. <\/p>\n<p style= \"text-align: justify;\">Il faut une r\u00e9action \u00e0 la hauteur des travailleurs si non bient\u00f4t il ne restera plus beaucoup de droits. Les jeunes l&rsquo;ont tr\u00e8s bien compris, et nous montre le chemin \u00e0 suivre. <\/p>\n<p style= \"text-align: justify;\">Ce qu&rsquo;il faut c&rsquo;est s&rsquo;attaquer au ch\u00f4mage. Et ce n&rsquo;est pas avec ce texte qu&rsquo;on va le faire baisser.<br \/>\nLa r\u00e9duction du temps de travail n&rsquo;est pas une id\u00e9e d\u00e9mod\u00e9e, c&rsquo;est au contraire un gage de modernit\u00e9. Ce qui est ringard c&rsquo;est ce projet de loi. Vouloir remettre les chaines aux salari\u00e9s, casser tant d&rsquo;acquis sociaux durement gagn\u00e9s, c&rsquo;est un retour au 19\u00e8me si\u00e8cle.<br \/>\nIl existe des solutions mais qui sont devenus tabous on dirait car il y a une d\u00e9faite culturelle de certaines id\u00e9es progressistes, car certains ont baiss\u00e9 les armes et se sont rendus au Patronat et \u00e0 l&rsquo;ultralib\u00e9ralisme. Et la question du temps de travail fait partie de ces th\u00e8mes l\u00e0. C&rsquo;est pour cela que la CGT m\u00e8ne une campagne pour les 32h00 par semaine. Il y a une tendance historique et progressive \u00e0 la r\u00e9duction du temps de travail, c&rsquo;est cela le progr\u00e8s social. <\/p>\n<p style= \"text-align: justify;\">La d\u00e9r\u00e9glementation du travail, dans notre histoire ou celle de nos voisins, ont en effet montr\u00e9 les effets pervers de la course au moins-disant social. Nous devons sortir par le haut des d\u00e9fis pos\u00e9s par la soci\u00e9t\u00e9 du XXIe si\u00e8cle. Il nous faut \u00eatre ambitieux !<br \/>\n\u00c0 commencer par redonner \u00e0 l\u2019\u00c9tat un r\u00f4le moteur pour l\u2019\u00e9conomie et protecteur pour les salari\u00e9s, gr\u00e2ce \u00e0 une action ambitieuse. La reprise en main que proposent de nombreux \u00e9conomistes r\u00e9habilite l\u2019id\u00e9e de solidarit\u00e9, de partage (des richesses comme du temps de travail) et inscrit le \u00ab dialogue social \u00bb au coeur de la vie des entreprises. Le travailleur, selon eux, ne doit plus \u00eatre consid\u00e9r\u00e9 comme un \u00ab co\u00fbt \u00bb pour les actionnaires, mais comme une pi\u00e8ce ma\u00eetresse de la cha\u00eene de d\u00e9cision d\u2019une entreprise, ce qui contribuera \u00e0 assainir sa gouvernance. Mais ces pistes nouvelles requi\u00e8rent un esprit innovant et, bien s\u00fbr, un changement total de politique. <\/p>\n<p style= \"text-align: justify;\">A noter \u00e9galement qu&rsquo;arrive au S\u00e9nat la question de la constitutionnalisation de la d\u00e9ch\u00e9ance de nationalit\u00e9. Une autre question tr\u00e8s sensible pour un gouvernement qui se r\u00e9clame de \u00ab\u00a0la gauche\u00a0\u00bb.<br \/>\nA jouer avec le feu, on engendre une convergence des col\u00e8res. Ils sont entrain d\u2019en faire le constat. <\/p>\n<p style= \"text-align: justify;\"> <strong>>>>> LA POLITIQUE DE SANTE<\/strong><\/p>\n<p style= \"text-align: justify;\">On s\u2019aper\u00e7oit que la politique de sant\u00e9 mise en place par Touraine, puisqu\u2019elle a surv\u00e9cu aux trois remaniements, est globalement une politique encore plus r\u00e9actionnaire, encore plus technocratique, encore plus techno-financi\u00e8re, que celle de ses pr\u00e9d\u00e9cesseurs (Bachelot, Bertrand\u2026). Aujourd\u2019hui, avec un pr\u00e9sident de la R\u00e9publique qui s\u2019\u00e9tait engag\u00e9 dans sa campagne \u00e9lectorale \u00e0 remettre en cause la Loi HPST pour essayer de prendre en compte les besoins r\u00e9els des populations, 4 ans apr\u00e8s, on s\u2019aper\u00e7oit que rien n\u2019a \u00e9t\u00e9 fait\u2026et au contraire tout s\u2019empire. Le minist\u00e8re de Touraine et ses bras arm\u00e9s que sont les ARS ne font que mettre en place une politique industrielle de la sant\u00e9, et en m\u00eame temps avec des r\u00e9sultats catastrophiques. Toutes leurs mesures de fermetures et autres n\u2019ont rien emmen\u00e9 au r\u00e9\u00e9quilibrage soi-disant des comptes de la s\u00e9curit\u00e9 sociale et de la sant\u00e9 en g\u00e9n\u00e9ral. Ce n\u2019est pas en tapant sur les structures publiques de sant\u00e9, ce n\u2019est pas en tapant sur les citoyens qui seraient de trop gros consommateurs de m\u00e9dicaments qu\u2019ils am\u00e9liorent les choses\u2026c\u2019est tout l\u2019inverse qui se produit. <\/p>\n<p style= \"text-align: justify;\">Le probl\u00e8me, il n\u2019est pas l\u00e0. Aujourd\u2019hui on donne de l\u2019argent \u00e0 des labos ou \u00e0 des lobbys m\u00e9dicaux, on donne de l\u2019argent \u00e0 des gens qui n\u2019en n\u2019ont pas besoin, et qui en font encore plus. On oublie les citoyens, on oublie les professionnels de sant\u00e9, et on oublie les missions de l\u2019Etat. L\u2019Etat, aujourd\u2019hui, doit prendre en compte les besoins de sant\u00e9 des populations. <\/p>\n<p style= \"text-align: justify;\">Il est compl\u00e8tement anormal que dans notre pays, qui se dit d\u00e9mocratique et progressiste, on laisse des structures d\u2019Etat ne faisant pas face \u00e0 leur responsabilit\u00e9 et qui sont d\u00e9faillantes vis-\u00e0-vis de la prise en charge des besoins de sant\u00e9 des populations. <\/p>\n<p style= \"text-align: justify;\">Au niveau du SROS et du PRS en PACA, on s\u2019aper\u00e7oit que la strat\u00e9gie d\u2019industrialisation mise en place, depuis quelques ann\u00e9es, va conduire \u00e0 terme \u00e0 une d\u00e9sertification organis\u00e9e\u2026 et pas seulement dans les d\u00e9partements ruraux comme le n\u00f4tre.<br \/>\n( SROS = Sch\u00e9ma R\u00e9gional d&rsquo;Organisation des Soins \/ PRS = Projet r\u00e9gional de Sant\u00e9 ) <\/p>\n<p style= \"text-align: justify;\">Dans la mesure o\u00f9 l\u2019Etat se retrouve compl\u00e8tement sourd et s\u2019enferme dans ses consid\u00e9rations d\u2019optimisation ou de rentabilit\u00e9, il y aurait int\u00e9r\u00eat \u00e0 d\u00e9cr\u00e9ter un Etat d\u2019urgence en mati\u00e8re de prise en compte et d\u2019acc\u00e8s \u00e0 la sant\u00e9 et aux soins. <\/p>\n<p style= \"text-align: justify;\"> <strong>>>>> LE DEGEL DU POINT D&rsquo;INDICE<\/strong><\/p>\n<p style= \"text-align: justify;\">Le 17 mars, la ministre de la fonction publique a annonc\u00e9 le d\u00e9gel de la valeur du point d&rsquo;indice.<br \/>\nCette rupture est \u00e0 mettre en lien avec la mobilisation des fonctionnaires et des quelques syndicats qui sont encore debout dans ce pays. <\/p>\n<p style= \"text-align: justify;\">C&rsquo;est un bon d\u00e9but mais nous sommes loin de compte.<br \/>\nApr\u00e8s 6 ans de gel de la valeur du point, L&rsquo;augmentation annonc\u00e9e (0,6% en juillet 2016 et 0,6% en f\u00e9vrier 2017) reste tr\u00e8s insuffisante au regard de la situation salariale d\u00e9plorable des agents. <\/p>\n<p style= \"text-align: justify;\">Gr\u00e2ce \u00e0 la mobilisation du 9 mars, les choses ont boug\u00e9. Il faut renforcer la mobilisation. Car au del\u00e0 du retrait du projet de loi travail, la CGT exige un renforcement des droits des salari\u00e9s et une augmentation significative du point d\u2019indice, cumul\u00e9e \u00e0 un rattrapage des pertes accumul\u00e9es. <\/p>\n<p style= \"text-align: justify;\"> <strong>>>>> LE PROJET DE LOI DEONTOLOGIE<\/strong><\/p>\n<p style= \"text-align: justify;\">Encore de graves reculs pour les agents publics dans ce projet de loi en cours ! <\/p>\n<p style= \"text-align: justify;\">Le S\u00e9nat a adopt\u00e9 sur l&rsquo;initiative du groupe socialiste la possibilit\u00e9 :<br \/>\n* d&rsquo;inscrire l&rsquo;obligation de r\u00e9serve dans les statuts en vue de r\u00e9duire la libert\u00e9 d&rsquo;expression des fonctionnaires.<br \/>\n* d&rsquo;instaurer des mises \u00e0 pied de 1 \u00e0 3 jours sans passage en conseil de discipline<br \/>\n* de r\u00e9introduire 3 jours de carence en cas d&rsquo;arr\u00eat maladie<br \/>\n* de recruter des salari\u00e9s de droit priv\u00e9 et avoir recours \u00e0 l&rsquo;int\u00e9rim dans la Fonction Publique<\/p>\n<p style= \"text-align: justify;\">Encore une nouvelle attaque que nous ne devons pas laisser passer ! D\u00e9cidemment, elles arrivent de tous les c\u00f4t\u00e9s&#8230; <\/p>\n<p style= \"text-align: justify;\"> <strong>>>>> LA REFORME TERRITORIALE<\/strong><\/p>\n<p style= \"text-align: justify;\">La finalit\u00e9 de la r\u00e9forme territoriale n\u2019est pas d\u2019am\u00e9liorer l\u2019efficacit\u00e9 des Services publics pour r\u00e9pondre aux besoins des populations et pour un am\u00e9nagement durable du territoire mais bel et bien de satisfaire aux injonctions du Trait\u00e9 de stabilit\u00e9. Le but principal est de financer les cadeaux au patronat en concentrant les pouvoirs, en r\u00e9duisant drastiquement \u00e0 hauteur de 11 milliards le montant des dotations de solidarit\u00e9 aux collectivit\u00e9s locales, aggravant d\u2019autant les m\u00e9faits des politiques d\u2019aust\u00e9rit\u00e9. <\/p>\n<p style= \"text-align: justify;\">De plus, cela nous conduit \u00e0 r\u00e9fl\u00e9chir \u00e0 la notion de territoire. En effet, c&rsquo;est d&rsquo;abord la notion de territoire qui a modifi\u00e9 notre environnement. Ce n&rsquo;est plus qu&rsquo;un concept g\u00e9ographique, c&rsquo;est aussi un concept politique. Red\u00e9couper les territoires est \u00e9troitement li\u00e9 \u00e0 la volont\u00e9 du grand Patronat d&rsquo;organiser le territoire en fonction des besoins du Capital. <\/p>\n<p style= \"text-align: justify;\">Pour faire un lien avec les politiques de sant\u00e9, le territoire de sant\u00e9 a \u00e9t\u00e9 fortement modifi\u00e9 par la loi HPST de 2009. Nous avons des territoires de sant\u00e9 surdimensionn\u00e9s qui ne prennent plus en compte les soins de proximit\u00e9. Et d\u00e9j\u00e0 \u00e0 l&rsquo;\u00e9poque, on a vu des r\u00e9gions qui ont vu un red\u00e9coupage de territoire de sant\u00e9 sans prendre en compte la notion de d\u00e9partement. On peut prendre comme exemple, la CHT du Pays Proven\u00e7al \u00e0 cheval sur 3 d\u00e9partements. <\/p>\n<p style= \"text-align: justify;\"> <strong>>>>> LA SECURITE SOCIALE<\/strong><\/p>\n<p style= \"text-align: justify;\">Depuis sa cr\u00e9ation en 1945, le r\u00e9gime g\u00e9n\u00e9ral de la S\u00e9curit\u00e9 sociale subit le feu des \u00ab r\u00e9formateurs \u00bb de tout poil. Comment expliquer cet acharnement contre un r\u00e9gime g\u00e9n\u00e9ral de couverture sociale qui non seulement mutualise une part importante de la valeur produite par le travail, mais qui en confie aussi la gestion aux travailleurs eux-m\u00eames, et dont les pionniers forgeaient un outil d\u2019\u00e9mancipation du salariat. <\/p>\n<p style= \"text-align: justify;\">Les mutuelles, rendues obligatoires \u00e0 partir de 2016 par le gouvernement actuel, sont un adversaire majeur du r\u00e9gime g\u00e9n\u00e9ral en mati\u00e8re de sant\u00e9. La casse continue ! <\/p>\n<p style= \"text-align: justify;\"> <strong>>>>> PREPARATION DE LA JOURNEE DE GREVE ET DE MOBILISATION DU 31 MARS<\/strong><\/p>\n<p style= \"text-align: justify;\">Pr\u00e9par\u00e9e en seulement quelques jours, la journ\u00e9e de mobilisation du 9 mars a \u00e9t\u00e9 un grand succ\u00e8s.<br \/>\nPlus de 1 200 000 signataires de la p\u00e9tition contre le projet de loi travail, et pr\u00e8s de 500 000 manifestants dans les rues le 9 mars est un tr\u00e8s bon d\u00e9but. Les premi\u00e8res mobilisations contre la r\u00e9forme de la retraite en 2010 ne rassemblaient pas autant. <\/p>\n<p style= \"text-align: justify;\">Les syndicats aux c\u00f4t\u00e9s de la jeunesse ont cri\u00e9 leur col\u00e8re contre cette politique et pour exiger le retrait de la loi Travail dont le slogan pourrait \u00eatre : \u00ab\u00a0travailler plus, gagner moins, en \u00e9tant licenci\u00e9 plus facilement\u00a0\u00bb.<br \/>\nLa CGT demande au del\u00e0 du retrait du projet, que s\u2019ouvrent de v\u00e9ritables n\u00e9gociations \u00e0 partir d&rsquo;autres propositions comme les 32h00, comme le nouveau statut du travail salari\u00e9, comme l&rsquo;augmentation des salaires, que la CGT a inscrite dans un code du travail du 21\u00e8me si\u00e8cle. <\/p>\n<p style= \"text-align: justify;\">Pour cela le 31 mars devra \u00eatre r\u00e9ussi, et le mouvement doit \u00eatre en capacit\u00e9 de durer dans le temps. <\/p>\n<p style= \"text-align: justify;\">Un des questions de fond de ce mouvement est : quelle d\u00e9mocratie voulons-nous ?<br \/>\nLe gouvernement ne cesse de prendre des mesures qui vont \u00e0 l\u2019encontre des volont\u00e9s citoyennes.<br \/>\nLes mesures qui se succ\u00e8dent vont \u00e0 l&rsquo;encontre de l&rsquo;int\u00e9r\u00eat g\u00e9n\u00e9ral des populations.<br \/>\nQuand nos repr\u00e9sentants ne nous repr\u00e9sentent plus, il faut r\u00e9agir et monter le son pour mieux se faire entendre. <\/p>\n<p style= \"text-align: justify;\">Les assembl\u00e9es g\u00e9n\u00e9rales (des lyc\u00e9ens, des \u00e9tudiants, des salari\u00e9s&#8230;) qui ont lieu en ce moment aux quatre coins de la France : c&rsquo;est cela la vrai d\u00e9mocratie. On r\u00e9fl\u00e9chit, on analyse, on d\u00e9bat, on vote&#8230; <\/p>\n<p style= \"text-align: justify;\">La soci\u00e9t\u00e9 qu&rsquo;ils essaient de nous imposer, on n&rsquo;en veut pas ! <\/p>\n<p style= \"text-align: justify;\">Ce 9 mars, comme ce 31 mars, sont des \u00e9tapes d&rsquo;un processus qui devra s&rsquo;amplifier et faire prendre conscience aux salari\u00e9s, et plus largement aux citoyens de la gravit\u00e9 de la situation et de la n\u00e9cessit\u00e9 d&rsquo;agir, et d&rsquo;influer sur des choix de soci\u00e9t\u00e9 majeurs. Une bataille sociale importante commence \u00e0 s&rsquo;engager sur la dur\u00e9e. Il va falloir que nous nous donnions les moyens de la gagner ! <\/p>\n<p style= \"text-align: justify;\"><strong> POUR CONSULTER NOTRE DOSSIER COMPLET SUR LES GHT (AVEC LES DIFFERENTS ARTICLES ET TRACTS), <a href=\"http:\/\/www.cgt-hopital-manosque.fr\/?p=4236\" target=\"_blank\">CLIQUER ICI<\/a><\/strong><\/p>\n","protected":false},"excerpt":{"rendered":"<p>Les diff\u00e9rentes lois successives (Macron, Rebsamen&#8230;) mettent en lumi\u00e8re la soumission aux injonctions de l\u2019Union Europ\u00e9enne visant \u00e0 faire de l\u2019aust\u00e9rit\u00e9 le mod\u00e8le unique, s\u2019attaquant aux droits des salari\u00e9s, le droit du travail et de l\u2019\u00e9conomie. Elles accentuent ainsi les \u00e9volutions sur le r\u00f4le de l\u2019Etat, dans la droite ligne de la r\u00e9forme territoriale et [&hellip;]<\/p>\n","protected":false},"author":1,"featured_media":0,"comment_status":"closed","ping_status":"closed","sticky":false,"template":"","format":"standard","meta":{"footnotes":""},"categories":[7],"tags":[],"views":2279,"_links":{"self":[{"href":"http:\/\/www.cgt-hopital-manosque.fr\/index.php?rest_route=\/wp\/v2\/posts\/4134"}],"collection":[{"href":"http:\/\/www.cgt-hopital-manosque.fr\/index.php?rest_route=\/wp\/v2\/posts"}],"about":[{"href":"http:\/\/www.cgt-hopital-manosque.fr\/index.php?rest_route=\/wp\/v2\/types\/post"}],"author":[{"embeddable":true,"href":"http:\/\/www.cgt-hopital-manosque.fr\/index.php?rest_route=\/wp\/v2\/users\/1"}],"replies":[{"embeddable":true,"href":"http:\/\/www.cgt-hopital-manosque.fr\/index.php?rest_route=%2Fwp%2Fv2%2Fcomments&post=4134"}],"version-history":[{"count":5,"href":"http:\/\/www.cgt-hopital-manosque.fr\/index.php?rest_route=\/wp\/v2\/posts\/4134\/revisions"}],"predecessor-version":[{"id":4381,"href":"http:\/\/www.cgt-hopital-manosque.fr\/index.php?rest_route=\/wp\/v2\/posts\/4134\/revisions\/4381"}],"wp:attachment":[{"href":"http:\/\/www.cgt-hopital-manosque.fr\/index.php?rest_route=%2Fwp%2Fv2%2Fmedia&parent=4134"}],"wp:term":[{"taxonomy":"category","embeddable":true,"href":"http:\/\/www.cgt-hopital-manosque.fr\/index.php?rest_route=%2Fwp%2Fv2%2Fcategories&post=4134"},{"taxonomy":"post_tag","embeddable":true,"href":"http:\/\/www.cgt-hopital-manosque.fr\/index.php?rest_route=%2Fwp%2Fv2%2Ftags&post=4134"}],"curies":[{"name":"wp","href":"https:\/\/api.w.org\/{rel}","templated":true}]}}