{"id":4148,"date":"2016-03-30T17:18:58","date_gmt":"2016-03-30T17:18:58","guid":{"rendered":"http:\/\/www.cgt-hopital-manosque.fr\/?p=4148"},"modified":"2016-03-30T17:18:58","modified_gmt":"2016-03-30T17:18:58","slug":"30-mars-2016-l1consolable-on-vaut-mieux-que-ca","status":"publish","type":"post","link":"http:\/\/www.cgt-hopital-manosque.fr\/?p=4148","title":{"rendered":"30 mars 2016 &#8211; L&rsquo;1consolable &#8211; On vaut mieux que \u00e7a !"},"content":{"rendered":"<p><strong><br \/>\n<a href=\"http:\/\/www.cgt-hopital-manosque.fr\/wp-content\/uploads\/2016\/03\/696.-L1consolable-On-vaut-mieux-que-\u00e7a.jpg\"><img loading=\"lazy\" decoding=\"async\" src=\"http:\/\/www.cgt-hopital-manosque.fr\/wp-content\/uploads\/2016\/03\/696.-L1consolable-On-vaut-mieux-que-\u00e7a.jpg\" alt=\"L&#039;1consolable - On vaut mieux que \u00e7a\" width=\"851\" height=\"479\" class=\"aligncenter size-full wp-image-4149\" srcset=\"http:\/\/www.cgt-hopital-manosque.fr\/wp-content\/uploads\/2016\/03\/696.-L1consolable-On-vaut-mieux-que-\u00e7a.jpg 851w, http:\/\/www.cgt-hopital-manosque.fr\/wp-content\/uploads\/2016\/03\/696.-L1consolable-On-vaut-mieux-que-\u00e7a-300x169.jpg 300w\" sizes=\"(max-width: 851px) 100vw, 851px\" \/><\/a><\/p>\n<p style= \"text-align: justify;\"> Voici un clip tourn\u00e9 pendant la manif du 9 mars contre la loi Travail&#8230;une petit r\u00e9p\u00e8t avant le 31 mars !\n<\/p>\n<p style= \"text-align: justify;\"> POUR LE VISIONNER, <strong><a href=\"https:\/\/www.youtube.com\/watch?v=Jj95RpL4e_8\" target=\"_blank\">CLIQUER ICI<\/a><\/strong><\/p>\n<p><\/strong><\/p>\n","protected":false},"excerpt":{"rendered":"<p>Voici un clip tourn\u00e9 pendant la manif du 9 mars contre la loi Travail&#8230;une petit r\u00e9p\u00e8t avant le 31 mars ! POUR LE VISIONNER, CLIQUER ICI<\/p>\n","protected":false},"author":1,"featured_media":0,"comment_status":"closed","ping_status":"closed","sticky":false,"template":"","format":"standard","meta":{"footnotes":""},"categories":[1],"tags":[],"views":1848,"_links":{"self":[{"href":"http:\/\/www.cgt-hopital-manosque.fr\/index.php?rest_route=\/wp\/v2\/posts\/4148"}],"collection":[{"href":"http:\/\/www.cgt-hopital-manosque.fr\/index.php?rest_route=\/wp\/v2\/posts"}],"about":[{"href":"http:\/\/www.cgt-hopital-manosque.fr\/index.php?rest_route=\/wp\/v2\/types\/post"}],"author":[{"embeddable":true,"href":"http:\/\/www.cgt-hopital-manosque.fr\/index.php?rest_route=\/wp\/v2\/users\/1"}],"replies":[{"embeddable":true,"href":"http:\/\/www.cgt-hopital-manosque.fr\/index.php?rest_route=%2Fwp%2Fv2%2Fcomments&post=4148"}],"version-history":[{"count":3,"href":"http:\/\/www.cgt-hopital-manosque.fr\/index.php?rest_route=\/wp\/v2\/posts\/4148\/revisions"}],"predecessor-version":[{"id":4301,"href":"http:\/\/www.cgt-hopital-manosque.fr\/index.php?rest_route=\/wp\/v2\/posts\/4148\/revisions\/4301"}],"wp:attachment":[{"href":"http:\/\/www.cgt-hopital-manosque.fr\/index.php?rest_route=%2Fwp%2Fv2%2Fmedia&parent=4148"}],"wp:term":[{"taxonomy":"category","embeddable":true,"href":"http:\/\/www.cgt-hopital-manosque.fr\/index.php?rest_route=%2Fwp%2Fv2%2Fcategories&post=4148"},{"taxonomy":"post_tag","embeddable":true,"href":"http:\/\/www.cgt-hopital-manosque.fr\/index.php?rest_route=%2Fwp%2Fv2%2Ftags&post=4148"}],"curies":[{"name":"wp","href":"https:\/\/api.w.org\/{rel}","templated":true}]}}