{"id":4152,"date":"2016-04-03T19:01:56","date_gmt":"2016-04-03T19:01:56","guid":{"rendered":"http:\/\/www.cgt-hopital-manosque.fr\/?p=4152"},"modified":"2016-04-03T19:03:49","modified_gmt":"2016-04-03T19:03:49","slug":"3-avril-2016-mobilisation-massive-le-31-mars-dans-toute-la-france-et-dans-le-04-pour-quils-arretent-leurs-khomri","status":"publish","type":"post","link":"http:\/\/www.cgt-hopital-manosque.fr\/?p=4152","title":{"rendered":"3 avril 2016 &#8211; Mobilisation massive le 31 mars dans toute la France et dans le 04 pour qu\u2019ils arr\u00eatent leurs \u00ab Khomri \u00bb !"},"content":{"rendered":"<p style= \"text-align: justify;\">Malgr\u00e9 la pluie, le froid, les fausses informations ou la r\u00e9pression polici\u00e8re, au soir du 31 mars, ce sont plus d\u20191,2 million de manifestants dans 250 villes qui ont exig\u00e9 le RETRAIT DE LA LOI ELKHOMRI.<\/p>\n<p>Sur le d\u00e9partement des Alpes de Haute Provence ce sont plus de 2000 manifestants (1000 \u00e0 Digne et 1000 \u00e0 Manosque), dont un  millier de Lyc\u00e9ennes et de Lyc\u00e9ens dans les 2 cort\u00e8ges, qui ont hurl\u00e9 leur rejet de la politique sociale port\u00e9e par le gouvernement avec entre autres son projet de loi Travail.Entre le 9 mars et aujourd&rsquo;hui ce sont 2 fois plus de Citoyennes et de Citoyens  du 04 qui sont descendus dans la rue. Accroissement de la participation en harmonie avec les 70% de fran\u00e7ais qui exigent le retrait de ce projet de loi. <\/p>\n<p style= \"text-align: justify;\">Le pr\u00e9sident et le gouvernement les plus impopulaires de la 5\u00e8me R\u00e9publique, sous des faux airs d&rsquo;incomp\u00e9tence, savent tr\u00e8s bien l\u00e0 o\u00f9 ils vont. Marionnettes du Patronat, avec une arrogance insupportable, ils ne cessent de renforcer une politique nous ramenant un si\u00e8cle en arri\u00e8re. Une politique pr\u00e9sent\u00e9e, par exemple, pour que les h\u00f4pitaux se portent mieux financi\u00e8rement&#8230;leur situation n&rsquo;a jamais \u00e9t\u00e9 aussi mauvaise et fragile. Une politique pr\u00e9sent\u00e9e pour lutter contre le ch\u00f4mage&#8230;les ch\u00f4meurs n&rsquo;ont jamais \u00e9t\u00e9 aussi nombreux. Une politique pr\u00e9sent\u00e9e pour plus de justice sociale&#8230;les \u00e9carts entre les pauvres et les riches n&rsquo;ont jamais \u00e9t\u00e9 aussi importants. Et la pr\u00e9carit\u00e9 dans tout \u00e7a ?&#8230;elle explose ! Quelle mascarade ! <\/p>\n<p style= \"text-align: justify;\">Certains syndicats ont d\u00e9cid\u00e9 de fermer les yeux en jouant un double jeu tr\u00e8s dangereux ! Ils font les offusqu\u00e9s quelques jours avant de tout valider&#8230;m\u00eame les mesures les plus r\u00e9trogrades ! Cette mise en sc\u00e8ne n&rsquo;a pas \u00e9t\u00e9 suffisante ! Quand le gouvernement r\u00e9tablira l\u2019esclavage, ces m\u00eames syndicats n\u00e9gocieront le poids des cha\u00eenes\u2026Les lyc\u00e9ens, les \u00e9tudiants, les salari\u00e9s et les priv\u00e9s d&#8217;emplois, dans leur grande majorit\u00e9 l&rsquo;ont tr\u00e8s bien compris ! <\/p>\n<p style= \"text-align: justify;\">La loi travail, on n&rsquo;en veut pas !<br \/>\nLe retour \u00e0 l&rsquo;esclavage, on n&rsquo;en veut pas !<br \/>\nPlus de hi\u00e9rarchie des normes, travailler plus pour gagner moins, faciliter et encourager les licenciements, casser la d\u00e9mocratie sociale dans l&rsquo;entreprise, remettre en cause la m\u00e9decine du travail&#8230;on n&rsquo;en veut pas ! <\/p>\n<p style= \"text-align: justify;\">Pour la CGT, ce dont ont besoin  les Jeunes, les Salari\u00e9s et les Priv\u00e9s d&rsquo;Emploi : c&rsquo;est d&rsquo;un Nouveau Statut du Travail Salari\u00e9 avec des droits attach\u00e9s \u00e0 la personne et transf\u00e9rables d\u2019une entreprise \u00e0 l\u2019autre, avec une S\u00e9curit\u00e9 Sociale Professionnelle pour ne plus passer par la case \u00ab ch\u00f4mage \u00bb en cas de changement d\u2019entreprises. Et surtout pas de la d\u00e9molition de Code du Travail. <\/p>\n<p style= \"text-align: justify;\">La CGT propose de travailler moins pour travailler mieux et surtout pour travailler tous ! <\/p>\n<p style= \"text-align: justify;\">D&rsquo;ores et d\u00e9j\u00e0 avec l\u2019ensemble des organisations syndicales \u00e0 l\u2019initiative de ce 31 mars, la poursuite et l&rsquo;amplification d&rsquo;actions, de manifestations et de gr\u00e8ves sont \u00e0 l&rsquo;ordre du jour avec de nouveaux temps forts en perspective le mardi  5 avril et  le samedi 9 avril pour obtenir retrait de ce projet de loi et l&rsquo;acquisition de nouveaux droits sociaux. <\/p>\n<p><a href=\"http:\/\/www.cgt-hopital-manosque.fr\/wp-content\/uploads\/2016\/04\/697.-IMG_7312rs.jpg\"><img loading=\"lazy\" decoding=\"async\" src=\"http:\/\/www.cgt-hopital-manosque.fr\/wp-content\/uploads\/2016\/04\/697.-IMG_7312rs.jpg\" alt=\"697. Manif Loi Travail 31 mars (1)\" width=\"1024\" height=\"682\" class=\"aligncenter size-full wp-image-4153\" srcset=\"http:\/\/www.cgt-hopital-manosque.fr\/wp-content\/uploads\/2016\/04\/697.-IMG_7312rs.jpg 1024w, http:\/\/www.cgt-hopital-manosque.fr\/wp-content\/uploads\/2016\/04\/697.-IMG_7312rs-300x200.jpg 300w\" sizes=\"(max-width: 1024px) 100vw, 1024px\" \/><\/a><\/p>\n<p><a href=\"http:\/\/www.cgt-hopital-manosque.fr\/wp-content\/uploads\/2016\/04\/697.-IMG_7335rs.jpg\"><img loading=\"lazy\" decoding=\"async\" src=\"http:\/\/www.cgt-hopital-manosque.fr\/wp-content\/uploads\/2016\/04\/697.-IMG_7335rs.jpg\" alt=\"697. Manif Loi Travail 31 mars (2)\" width=\"1024\" height=\"682\" class=\"aligncenter size-full wp-image-4154\" srcset=\"http:\/\/www.cgt-hopital-manosque.fr\/wp-content\/uploads\/2016\/04\/697.-IMG_7335rs.jpg 1024w, http:\/\/www.cgt-hopital-manosque.fr\/wp-content\/uploads\/2016\/04\/697.-IMG_7335rs-300x200.jpg 300w\" sizes=\"(max-width: 1024px) 100vw, 1024px\" \/><\/a><\/p>\n<p><a href=\"http:\/\/www.cgt-hopital-manosque.fr\/wp-content\/uploads\/2016\/04\/697.-IMG_7344rs.jpg\"><img loading=\"lazy\" decoding=\"async\" src=\"http:\/\/www.cgt-hopital-manosque.fr\/wp-content\/uploads\/2016\/04\/697.-IMG_7344rs.jpg\" alt=\"697. Manif Loi Travail 31 mars (3)\" width=\"511\" height=\"768\" class=\"aligncenter size-full wp-image-4155\" srcset=\"http:\/\/www.cgt-hopital-manosque.fr\/wp-content\/uploads\/2016\/04\/697.-IMG_7344rs.jpg 511w, http:\/\/www.cgt-hopital-manosque.fr\/wp-content\/uploads\/2016\/04\/697.-IMG_7344rs-200x300.jpg 200w\" sizes=\"(max-width: 511px) 100vw, 511px\" \/><\/a><\/p>\n<p><a href=\"http:\/\/www.cgt-hopital-manosque.fr\/wp-content\/uploads\/2016\/04\/697.-IMG_7347rs.jpg\"><img loading=\"lazy\" decoding=\"async\" src=\"http:\/\/www.cgt-hopital-manosque.fr\/wp-content\/uploads\/2016\/04\/697.-IMG_7347rs.jpg\" alt=\"697. Manif Loi Travail 31 mars (4)\" width=\"1024\" height=\"682\" class=\"aligncenter size-full wp-image-4156\" srcset=\"http:\/\/www.cgt-hopital-manosque.fr\/wp-content\/uploads\/2016\/04\/697.-IMG_7347rs.jpg 1024w, http:\/\/www.cgt-hopital-manosque.fr\/wp-content\/uploads\/2016\/04\/697.-IMG_7347rs-300x200.jpg 300w\" sizes=\"(max-width: 1024px) 100vw, 1024px\" \/><\/a><\/p>\n<p><a href=\"http:\/\/www.cgt-hopital-manosque.fr\/wp-content\/uploads\/2016\/04\/697.-IMG_7368rs.jpg\"><img loading=\"lazy\" decoding=\"async\" src=\"http:\/\/www.cgt-hopital-manosque.fr\/wp-content\/uploads\/2016\/04\/697.-IMG_7368rs.jpg\" alt=\"697. Manif Loi Travail 31 mars (5)\" width=\"1024\" height=\"682\" class=\"aligncenter size-full wp-image-4157\" srcset=\"http:\/\/www.cgt-hopital-manosque.fr\/wp-content\/uploads\/2016\/04\/697.-IMG_7368rs.jpg 1024w, http:\/\/www.cgt-hopital-manosque.fr\/wp-content\/uploads\/2016\/04\/697.-IMG_7368rs-300x200.jpg 300w\" sizes=\"(max-width: 1024px) 100vw, 1024px\" \/><\/a><\/p>\n","protected":false},"excerpt":{"rendered":"<p>Malgr\u00e9 la pluie, le froid, les fausses informations ou la r\u00e9pression polici\u00e8re, au soir du 31 mars, ce sont plus d\u20191,2 million de manifestants dans 250 villes qui ont exig\u00e9 le RETRAIT DE LA LOI ELKHOMRI. Sur le d\u00e9partement des Alpes de Haute Provence ce sont plus de 2000 manifestants (1000 \u00e0 Digne et 1000 [&hellip;]<\/p>\n","protected":false},"author":1,"featured_media":0,"comment_status":"closed","ping_status":"closed","sticky":false,"template":"","format":"standard","meta":{"footnotes":""},"categories":[7],"tags":[],"views":1694,"_links":{"self":[{"href":"http:\/\/www.cgt-hopital-manosque.fr\/index.php?rest_route=\/wp\/v2\/posts\/4152"}],"collection":[{"href":"http:\/\/www.cgt-hopital-manosque.fr\/index.php?rest_route=\/wp\/v2\/posts"}],"about":[{"href":"http:\/\/www.cgt-hopital-manosque.fr\/index.php?rest_route=\/wp\/v2\/types\/post"}],"author":[{"embeddable":true,"href":"http:\/\/www.cgt-hopital-manosque.fr\/index.php?rest_route=\/wp\/v2\/users\/1"}],"replies":[{"embeddable":true,"href":"http:\/\/www.cgt-hopital-manosque.fr\/index.php?rest_route=%2Fwp%2Fv2%2Fcomments&post=4152"}],"version-history":[{"count":3,"href":"http:\/\/www.cgt-hopital-manosque.fr\/index.php?rest_route=\/wp\/v2\/posts\/4152\/revisions"}],"predecessor-version":[{"id":4160,"href":"http:\/\/www.cgt-hopital-manosque.fr\/index.php?rest_route=\/wp\/v2\/posts\/4152\/revisions\/4160"}],"wp:attachment":[{"href":"http:\/\/www.cgt-hopital-manosque.fr\/index.php?rest_route=%2Fwp%2Fv2%2Fmedia&parent=4152"}],"wp:term":[{"taxonomy":"category","embeddable":true,"href":"http:\/\/www.cgt-hopital-manosque.fr\/index.php?rest_route=%2Fwp%2Fv2%2Fcategories&post=4152"},{"taxonomy":"post_tag","embeddable":true,"href":"http:\/\/www.cgt-hopital-manosque.fr\/index.php?rest_route=%2Fwp%2Fv2%2Ftags&post=4152"}],"curies":[{"name":"wp","href":"https:\/\/api.w.org\/{rel}","templated":true}]}}