{"id":4161,"date":"2016-04-04T18:50:01","date_gmt":"2016-04-04T18:50:01","guid":{"rendered":"http:\/\/www.cgt-hopital-manosque.fr\/?p=4161"},"modified":"2016-04-04T18:52:23","modified_gmt":"2016-04-04T18:52:23","slug":"4-avril-2016-le-journal-de-lud-cgt-04-du-mois-de-mars-2016","status":"publish","type":"post","link":"http:\/\/www.cgt-hopital-manosque.fr\/?p=4161","title":{"rendered":"4 avril 2016 &#8211; Le journal de l&rsquo;UD CGT 04 du mois de mars 2016"},"content":{"rendered":"<p><a href=\"http:\/\/www.cgt-hopital-manosque.fr\/wp-content\/uploads\/2016\/04\/698.-Sommaire-journal-UD-CGT.jpg\"><img loading=\"lazy\" decoding=\"async\" src=\"http:\/\/www.cgt-hopital-manosque.fr\/wp-content\/uploads\/2016\/04\/698.-Sommaire-journal-UD-CGT.jpg\" alt=\"698. Sommaire journal UD CGT\" width=\"629\" height=\"905\" class=\"aligncenter size-full wp-image-4162\" srcset=\"http:\/\/www.cgt-hopital-manosque.fr\/wp-content\/uploads\/2016\/04\/698.-Sommaire-journal-UD-CGT.jpg 629w, http:\/\/www.cgt-hopital-manosque.fr\/wp-content\/uploads\/2016\/04\/698.-Sommaire-journal-UD-CGT-209x300.jpg 209w\" sizes=\"(max-width: 629px) 100vw, 629px\" \/><\/a><\/p>\n<p style= \"text-align: justify;\"><strong><br \/>\nSommaire :<\/p>\n<p style= \"text-align: justify;\">Page 1 : Edito de C\u00e9dric Volait<\/p>\n<p style= \"text-align: justify;\">Page 2 : 70\u00e8me anniversaire de la Nationalisation d\u2019EDF et GDF \u00e0 l&rsquo;EDM de Ste Tulle<\/p>\n<p style= \"text-align: justify;\">Page 3 : Premi\u00e8re \u00e9tape et premi\u00e8re victoire du 9 mars<\/p>\n<p style= \"text-align: justify;\">Page 4 : Mobilisation massive le 31 mars pour qu\u2019ils arr\u00eatent leurs Khomri \u00bb !<\/p>\n<p style= \"text-align: justify;\">Page 5 : Pr\u00e9paration du 51\u00e8me congr\u00e8s conf\u00e9d\u00e9ral<\/p>\n<p style= \"text-align: justify;\">Pages 6 \u00e0 7 : Congr\u00e8s de l\u2019UL de Forcalquier du 25 mars<\/p>\n<p style= \"text-align: justify;\">Page 8 : Gr\u00e8ve \u00e0 \u00ab Porte Accueil \u00bb Sainte Tulle + Pr\u00e9paration du 1er Mai\n<\/p>\n<p><\/strong><\/p>\n<p style= \"text-align: justify;\">\n<strong>POUR CONSULTER LE JOURNAL, <a href=\"http:\/\/www.cgt-hopital-manosque.fr\/wp-content\/uploads\/2016\/04\/698.-Journal-UD-CGT-04-mars-2016.pdf\">CLIQUER ICI<\/a><\/strong><\/p>\n","protected":false},"excerpt":{"rendered":"<p>Sommaire : Page 1 : Edito de C\u00e9dric Volait Page 2 : 70\u00e8me anniversaire de la Nationalisation d\u2019EDF et GDF \u00e0 l&rsquo;EDM de Ste Tulle Page 3 : Premi\u00e8re \u00e9tape et premi\u00e8re victoire du 9 mars Page 4 : Mobilisation massive le 31 mars pour qu\u2019ils arr\u00eatent leurs Khomri \u00bb ! Page 5 : Pr\u00e9paration [&hellip;]<\/p>\n","protected":false},"author":1,"featured_media":0,"comment_status":"closed","ping_status":"closed","sticky":false,"template":"","format":"standard","meta":{"footnotes":""},"categories":[7],"tags":[],"views":1733,"_links":{"self":[{"href":"http:\/\/www.cgt-hopital-manosque.fr\/index.php?rest_route=\/wp\/v2\/posts\/4161"}],"collection":[{"href":"http:\/\/www.cgt-hopital-manosque.fr\/index.php?rest_route=\/wp\/v2\/posts"}],"about":[{"href":"http:\/\/www.cgt-hopital-manosque.fr\/index.php?rest_route=\/wp\/v2\/types\/post"}],"author":[{"embeddable":true,"href":"http:\/\/www.cgt-hopital-manosque.fr\/index.php?rest_route=\/wp\/v2\/users\/1"}],"replies":[{"embeddable":true,"href":"http:\/\/www.cgt-hopital-manosque.fr\/index.php?rest_route=%2Fwp%2Fv2%2Fcomments&post=4161"}],"version-history":[{"count":4,"href":"http:\/\/www.cgt-hopital-manosque.fr\/index.php?rest_route=\/wp\/v2\/posts\/4161\/revisions"}],"predecessor-version":[{"id":4167,"href":"http:\/\/www.cgt-hopital-manosque.fr\/index.php?rest_route=\/wp\/v2\/posts\/4161\/revisions\/4167"}],"wp:attachment":[{"href":"http:\/\/www.cgt-hopital-manosque.fr\/index.php?rest_route=%2Fwp%2Fv2%2Fmedia&parent=4161"}],"wp:term":[{"taxonomy":"category","embeddable":true,"href":"http:\/\/www.cgt-hopital-manosque.fr\/index.php?rest_route=%2Fwp%2Fv2%2Fcategories&post=4161"},{"taxonomy":"post_tag","embeddable":true,"href":"http:\/\/www.cgt-hopital-manosque.fr\/index.php?rest_route=%2Fwp%2Fv2%2Ftags&post=4161"}],"curies":[{"name":"wp","href":"https:\/\/api.w.org\/{rel}","templated":true}]}}