{"id":4168,"date":"2016-04-06T12:28:08","date_gmt":"2016-04-06T12:28:08","guid":{"rendered":"http:\/\/www.cgt-hopital-manosque.fr\/?p=4168"},"modified":"2016-04-07T13:43:50","modified_gmt":"2016-04-07T13:43:50","slug":"6-avril-2016-gerard-filoche-sera-a-manosque-pour-decrypter-la-loi-travail-vendredi-soir-entree-libre","status":"publish","type":"post","link":"http:\/\/www.cgt-hopital-manosque.fr\/?p=4168","title":{"rendered":"6 avril 2016 &#8211; G\u00e9rard Filoche sera \u00e0 Manosque pour d\u00e9crypter la loi Travail vendredi soir (entr\u00e9e libre)"},"content":{"rendered":"<p><strong>CLIQUER SUR L&rsquo;IMAGE POUR L&rsquo;AGRANDIR :<\/strong><\/p>\n<p><a href=\"http:\/\/www.cgt-hopital-manosque.fr\/wp-content\/uploads\/2016\/04\/699.-D\u00e9bat-G\u00e9rard-Filoche-Loi-travail-.png\"><img loading=\"lazy\" decoding=\"async\" src=\"http:\/\/www.cgt-hopital-manosque.fr\/wp-content\/uploads\/2016\/04\/699.-D\u00e9bat-G\u00e9rard-Filoche-Loi-travail-.png\" alt=\"G\u00e9rard Filoche Loi travail El Khomri\" width=\"877\" height=\"614\" class=\"aligncenter size-full wp-image-4170\" srcset=\"http:\/\/www.cgt-hopital-manosque.fr\/wp-content\/uploads\/2016\/04\/699.-D\u00e9bat-G\u00e9rard-Filoche-Loi-travail-.png 877w, http:\/\/www.cgt-hopital-manosque.fr\/wp-content\/uploads\/2016\/04\/699.-D\u00e9bat-G\u00e9rard-Filoche-Loi-travail--300x210.png 300w\" sizes=\"(max-width: 877px) 100vw, 877px\" \/><\/a><\/p>\n<p><strong>POUR TELECHARGER LE DOCUMENT COMPLET, <a href=\"http:\/\/www.cgt-hopital-manosque.fr\/wp-content\/uploads\/2016\/04\/699.-Invitation-G.-Filoche-8-avril-2016.pdf\">CLIQUER ICI<\/a><\/strong><\/p>\n","protected":false},"excerpt":{"rendered":"<p>CLIQUER SUR L&rsquo;IMAGE POUR L&rsquo;AGRANDIR : POUR TELECHARGER LE DOCUMENT COMPLET, CLIQUER ICI<\/p>\n","protected":false},"author":1,"featured_media":0,"comment_status":"closed","ping_status":"closed","sticky":false,"template":"","format":"standard","meta":{"footnotes":""},"categories":[7],"tags":[],"views":1711,"_links":{"self":[{"href":"http:\/\/www.cgt-hopital-manosque.fr\/index.php?rest_route=\/wp\/v2\/posts\/4168"}],"collection":[{"href":"http:\/\/www.cgt-hopital-manosque.fr\/index.php?rest_route=\/wp\/v2\/posts"}],"about":[{"href":"http:\/\/www.cgt-hopital-manosque.fr\/index.php?rest_route=\/wp\/v2\/types\/post"}],"author":[{"embeddable":true,"href":"http:\/\/www.cgt-hopital-manosque.fr\/index.php?rest_route=\/wp\/v2\/users\/1"}],"replies":[{"embeddable":true,"href":"http:\/\/www.cgt-hopital-manosque.fr\/index.php?rest_route=%2Fwp%2Fv2%2Fcomments&post=4168"}],"version-history":[{"count":6,"href":"http:\/\/www.cgt-hopital-manosque.fr\/index.php?rest_route=\/wp\/v2\/posts\/4168\/revisions"}],"predecessor-version":[{"id":4179,"href":"http:\/\/www.cgt-hopital-manosque.fr\/index.php?rest_route=\/wp\/v2\/posts\/4168\/revisions\/4179"}],"wp:attachment":[{"href":"http:\/\/www.cgt-hopital-manosque.fr\/index.php?rest_route=%2Fwp%2Fv2%2Fmedia&parent=4168"}],"wp:term":[{"taxonomy":"category","embeddable":true,"href":"http:\/\/www.cgt-hopital-manosque.fr\/index.php?rest_route=%2Fwp%2Fv2%2Fcategories&post=4168"},{"taxonomy":"post_tag","embeddable":true,"href":"http:\/\/www.cgt-hopital-manosque.fr\/index.php?rest_route=%2Fwp%2Fv2%2Ftags&post=4168"}],"curies":[{"name":"wp","href":"https:\/\/api.w.org\/{rel}","templated":true}]}}