{"id":4258,"date":"2016-06-05T19:57:18","date_gmt":"2016-06-05T19:57:18","guid":{"rendered":"http:\/\/www.cgt-hopital-manosque.fr\/?p=4258"},"modified":"2016-06-05T19:58:53","modified_gmt":"2016-06-05T19:58:53","slug":"5-juin-2016-le-journal-de-lud-cgt-04-du-mois-de-mai-2016","status":"publish","type":"post","link":"http:\/\/www.cgt-hopital-manosque.fr\/?p=4258","title":{"rendered":"5 juin 2016 &#8211; Le journal de l&rsquo;UD CGT 04 du mois de mai 2016"},"content":{"rendered":"<p><a href=\"http:\/\/www.cgt-hopital-manosque.fr\/wp-content\/uploads\/2016\/06\/713.-Sommaire-journal-UD-CGT-mai-2016.jpg\"><img loading=\"lazy\" decoding=\"async\" src=\"http:\/\/www.cgt-hopital-manosque.fr\/wp-content\/uploads\/2016\/06\/713.-Sommaire-journal-UD-CGT-mai-2016.jpg\" alt=\"Sommaire journal UD CGT mai 2016\" width=\"627\" height=\"907\" class=\"aligncenter size-full wp-image-4259\" srcset=\"http:\/\/www.cgt-hopital-manosque.fr\/wp-content\/uploads\/2016\/06\/713.-Sommaire-journal-UD-CGT-mai-2016.jpg 627w, http:\/\/www.cgt-hopital-manosque.fr\/wp-content\/uploads\/2016\/06\/713.-Sommaire-journal-UD-CGT-mai-2016-207x300.jpg 207w\" sizes=\"(max-width: 627px) 100vw, 627px\" \/><\/a><\/p>\n<p style= \"text-align: justify;\"><strong><br \/>\nSommaire : <\/p>\n<p style= \"text-align: justify;\">Page 1 : Edito d&rsquo;Alain Bard, SG UD CGT 04<\/p>\n<p style= \"text-align: justify;\">Pages 2, 3 et 4 : Actualit\u00e9 de la mobilisation contre le projet de loi \u00ab\u00a0El Khomri\u00a0\u00bb<\/p>\n<p style= \"text-align: justify;\">Page 5 : Retour sur le 51\u00e8me congr\u00e8s conf\u00e9d\u00e9ral<\/p>\n<p style= \"text-align: justify;\">Pages 6 et 7 : Pr\u00e9sentation de Jennifer, la nouvelle secr\u00e9taire administrative et comptable de l&rsquo;UD + Un point sur les \u00e9lections TPE<\/p>\n<p style= \"text-align: justify;\">Page 8 : Note de lecture + Actualit\u00e9 de l&rsquo;IHS<\/p>\n<p style= \"text-align: justify;\">\n<p style= \"text-align: justify;\">\nPOUR CONSULTER LE JOURNAL COMPLET, <a href=\"http:\/\/www.cgt-hopital-manosque.fr\/wp-content\/uploads\/2016\/06\/713.-Journal-UD-CGT-04-mai-2016.pdf\">CLIQUER ICI<\/a><br \/>\n<\/strong><\/p>\n","protected":false},"excerpt":{"rendered":"<p>Sommaire : Page 1 : Edito d&rsquo;Alain Bard, SG UD CGT 04 Pages 2, 3 et 4 : Actualit\u00e9 de la mobilisation contre le projet de loi \u00ab\u00a0El Khomri\u00a0\u00bb Page 5 : Retour sur le 51\u00e8me congr\u00e8s conf\u00e9d\u00e9ral Pages 6 et 7 : Pr\u00e9sentation de Jennifer, la nouvelle secr\u00e9taire administrative et comptable de l&rsquo;UD + [&hellip;]<\/p>\n","protected":false},"author":1,"featured_media":0,"comment_status":"closed","ping_status":"closed","sticky":false,"template":"","format":"standard","meta":{"footnotes":""},"categories":[1],"tags":[],"views":1966,"_links":{"self":[{"href":"http:\/\/www.cgt-hopital-manosque.fr\/index.php?rest_route=\/wp\/v2\/posts\/4258"}],"collection":[{"href":"http:\/\/www.cgt-hopital-manosque.fr\/index.php?rest_route=\/wp\/v2\/posts"}],"about":[{"href":"http:\/\/www.cgt-hopital-manosque.fr\/index.php?rest_route=\/wp\/v2\/types\/post"}],"author":[{"embeddable":true,"href":"http:\/\/www.cgt-hopital-manosque.fr\/index.php?rest_route=\/wp\/v2\/users\/1"}],"replies":[{"embeddable":true,"href":"http:\/\/www.cgt-hopital-manosque.fr\/index.php?rest_route=%2Fwp%2Fv2%2Fcomments&post=4258"}],"version-history":[{"count":3,"href":"http:\/\/www.cgt-hopital-manosque.fr\/index.php?rest_route=\/wp\/v2\/posts\/4258\/revisions"}],"predecessor-version":[{"id":4263,"href":"http:\/\/www.cgt-hopital-manosque.fr\/index.php?rest_route=\/wp\/v2\/posts\/4258\/revisions\/4263"}],"wp:attachment":[{"href":"http:\/\/www.cgt-hopital-manosque.fr\/index.php?rest_route=%2Fwp%2Fv2%2Fmedia&parent=4258"}],"wp:term":[{"taxonomy":"category","embeddable":true,"href":"http:\/\/www.cgt-hopital-manosque.fr\/index.php?rest_route=%2Fwp%2Fv2%2Fcategories&post=4258"},{"taxonomy":"post_tag","embeddable":true,"href":"http:\/\/www.cgt-hopital-manosque.fr\/index.php?rest_route=%2Fwp%2Fv2%2Ftags&post=4258"}],"curies":[{"name":"wp","href":"https:\/\/api.w.org\/{rel}","templated":true}]}}