{"id":4269,"date":"2016-06-15T10:08:29","date_gmt":"2016-06-15T10:08:29","guid":{"rendered":"http:\/\/www.cgt-hopital-manosque.fr\/?p=4269"},"modified":"2016-06-15T10:10:46","modified_gmt":"2016-06-15T10:10:46","slug":"15-juin-2016-1-300-000-manifestants-dans-le-pays-140-000-a-marseille-qui-a-parle-dessoufflement-du-mouvement-mdr","status":"publish","type":"post","link":"http:\/\/www.cgt-hopital-manosque.fr\/?p=4269","title":{"rendered":"15 juin 2016 &#8211; 1 300 000 manifestants dans le pays, 140 000 \u00e0 Marseille  : qui a parl\u00e9 d&rsquo;essoufflement du mouvement ? Mdr !"},"content":{"rendered":"<p>1.300.000 manifestants hier dans tout le pays, plus de 4 heures avant que les derniers manifestants parisiens quittent la place d\u2019Italie, des d\u00e9l\u00e9gations de syndicats europ\u00e9ens pr\u00e9sentes en nombre, arr\u00eat total de la production dans certaines entreprises, des sites d\u2019ordures m\u00e9nag\u00e8res bloqu\u00e9s, des centaines de milliers de votation pour le retrait du projet de loi recueillies aujourd\u2019hui\u2026 Qui a parl\u00e9 d\u2019essoufflement ?<\/p>\n<p>Ce sont des centaines de milliers de salari\u00e9s, priv\u00e9s d\u2019emplois, retrait\u00e9s et \u00e9tudiants qui, depuis trois mois, luttent pour exiger le retrait du projet de loi travail et pour l\u2019ouverture de v\u00e9ritables n\u00e9gociations pour gagner des droits nouveaux.<\/p>\n<p>Apr\u00e8s les p\u00e9titions, les manifestations, les gr\u00e8ves (pour certaines reconductibles) et les occupations de lieu de travail, le rejet de cette loi demeure profond\u00e9ment ancr\u00e9 chez les salari\u00e9s.<\/p>\n<p>A nouveau, la CGT d\u00e9nonce les violences qui ont \u00e9maill\u00e9 la manifestation.<\/p>\n<p>Depuis 2 semaines, l\u2019intersyndicale oppos\u00e9e \u00e0 cette loi a d\u00e9but\u00e9 une campagne de votation citoyenne sur les lieux de travail et les lieux de vie. Nous invitons l\u2019ensemble de la population \u00e0 s\u2019emparer de cette votation et \u00e0 participer massivement aux journ\u00e9es de mobilisation nationales les 23 et 28 Juin 2016.<\/p>\n<p>Face \u00e0 ce rejet massif de la part d\u2019une majorit\u00e9 de salari\u00e9s et de l\u2019opinion publique, combien de temps le gouvernement va-t-il rester sourd aux l\u00e9gitimes revendications du monde du travail ? Jusqu\u2019o\u00f9 devrons-nous aller ?<\/p>\n<p>Fort de cette nouvelle mobilisation, la d\u00e9l\u00e9gation qui rencontrera la Ministre du Travail vendredi 17 juin portera l\u2019exigence du retrait ; les points majeurs du blocage \u00e9tant a minima les 5 articles qui constituent l\u2019ossature du texte.<\/p>\n<p>La CGT portera \u00e9galement des propositions pour un code du travail du 21\u00e8me si\u00e8cle, porteur de progr\u00e8s social.<\/p>\n<p><strong>UN POINT SUR LA MANIF DE MARSEILLE :<\/strong><\/p>\n<p>Plus de 140 000 salari\u00e9s, priv\u00e9s d\u2019emplois, retrait\u00e9s et jeunes ont manifest\u00e9 hier dans les rues de Marseille (voir les photos ci-dessous) pour exiger le retrait de la loi \u00ab travail \u00bb (ou dumping social). De tr\u00e8s nombreux coll\u00e8gues de Manosque et du 04 \u00e9taient pr\u00e9sents. Cette mobilisation est la plus importante depuis le d\u00e9but du mouvement. De plus en plus de gr\u00e8ves reconductibles, tous les secteurs sont touch\u00e9s : grande surface ferm\u00e9e, port de Marseille\/Fos, port p\u00e9trolier, traitement des d\u00e9chets, non parution d\u2019un grand nombre de quotidiens, fermeture de dizaines de cantines, cr\u00e8ches et garderies, SNCF, RTM, RDT 13, Air France, La poste et dans les t\u00e9l\u00e9communications, la p\u00e9trochimie, le spectacle, les organismes sociaux, la sant\u00e9, le commerce, les services publics et la fonction publique, l\u2019agroalimentaire, la m\u00e9tallurgie, les banques et assurances, l\u2019enseignement et l\u2019\u00e9nergie\u2026<\/p>\n<p>Forte de cette mobilisation, forte des centaines de salari\u00e9s qui s\u2019organisent \u00e0 la CGT, nous appelons \u00e0 poursuivre le mouvement et \u00e0 se mobiliser pour les prochaines journ\u00e9es d&rsquo;actions.<\/p>\n<p>La balle est maintenant dans le camp du gouvernement !<\/p>\n<p><a href=\"http:\/\/www.cgt-hopital-manosque.fr\/wp-content\/uploads\/2016\/06\/715.-Manif-du-14-juin-2016-\u00e0-Marseille-1.jpg\"><img loading=\"lazy\" decoding=\"async\" src=\"http:\/\/www.cgt-hopital-manosque.fr\/wp-content\/uploads\/2016\/06\/715.-Manif-du-14-juin-2016-\u00e0-Marseille-1.jpg\" alt=\"Manif du 14 juin 2016 \u00e0 Marseille (1)\" width=\"720\" height=\"960\" class=\"aligncenter size-full wp-image-4270\" srcset=\"http:\/\/www.cgt-hopital-manosque.fr\/wp-content\/uploads\/2016\/06\/715.-Manif-du-14-juin-2016-\u00e0-Marseille-1.jpg 720w, http:\/\/www.cgt-hopital-manosque.fr\/wp-content\/uploads\/2016\/06\/715.-Manif-du-14-juin-2016-\u00e0-Marseille-1-225x300.jpg 225w\" sizes=\"(max-width: 720px) 100vw, 720px\" \/><\/a><\/p>\n<p><a href=\"http:\/\/www.cgt-hopital-manosque.fr\/wp-content\/uploads\/2016\/06\/715.-Manif-du-14-juin-2016-\u00e0-Marseille-2.jpg\"><img loading=\"lazy\" decoding=\"async\" src=\"http:\/\/www.cgt-hopital-manosque.fr\/wp-content\/uploads\/2016\/06\/715.-Manif-du-14-juin-2016-\u00e0-Marseille-2.jpg\" alt=\"Manif du 14 juin 2016 \u00e0 Marseille (2)\" width=\"640\" height=\"360\" class=\"aligncenter size-full wp-image-4271\" srcset=\"http:\/\/www.cgt-hopital-manosque.fr\/wp-content\/uploads\/2016\/06\/715.-Manif-du-14-juin-2016-\u00e0-Marseille-2.jpg 640w, http:\/\/www.cgt-hopital-manosque.fr\/wp-content\/uploads\/2016\/06\/715.-Manif-du-14-juin-2016-\u00e0-Marseille-2-300x169.jpg 300w\" sizes=\"(max-width: 640px) 100vw, 640px\" \/><\/a><\/p>\n<p><a href=\"http:\/\/www.cgt-hopital-manosque.fr\/wp-content\/uploads\/2016\/06\/715.-Manif-du-14-juin-2016-\u00e0-Marseille-3.jpg\"><img loading=\"lazy\" decoding=\"async\" src=\"http:\/\/www.cgt-hopital-manosque.fr\/wp-content\/uploads\/2016\/06\/715.-Manif-du-14-juin-2016-\u00e0-Marseille-3.jpg\" alt=\"Manif du 14 juin 2016 \u00e0 Marseille (3)\" width=\"2048\" height=\"1365\" class=\"aligncenter size-full wp-image-4272\" srcset=\"http:\/\/www.cgt-hopital-manosque.fr\/wp-content\/uploads\/2016\/06\/715.-Manif-du-14-juin-2016-\u00e0-Marseille-3.jpg 2048w, http:\/\/www.cgt-hopital-manosque.fr\/wp-content\/uploads\/2016\/06\/715.-Manif-du-14-juin-2016-\u00e0-Marseille-3-300x200.jpg 300w, http:\/\/www.cgt-hopital-manosque.fr\/wp-content\/uploads\/2016\/06\/715.-Manif-du-14-juin-2016-\u00e0-Marseille-3-1024x683.jpg 1024w\" sizes=\"(max-width: 2048px) 100vw, 2048px\" \/><\/a><\/p>\n","protected":false},"excerpt":{"rendered":"<p>1.300.000 manifestants hier dans tout le pays, plus de 4 heures avant que les derniers manifestants parisiens quittent la place d\u2019Italie, des d\u00e9l\u00e9gations de syndicats europ\u00e9ens pr\u00e9sentes en nombre, arr\u00eat total de la production dans certaines entreprises, des sites d\u2019ordures m\u00e9nag\u00e8res bloqu\u00e9s, des centaines de milliers de votation pour le retrait du projet de loi [&hellip;]<\/p>\n","protected":false},"author":1,"featured_media":0,"comment_status":"closed","ping_status":"closed","sticky":false,"template":"","format":"standard","meta":{"footnotes":""},"categories":[7],"tags":[],"views":1661,"_links":{"self":[{"href":"http:\/\/www.cgt-hopital-manosque.fr\/index.php?rest_route=\/wp\/v2\/posts\/4269"}],"collection":[{"href":"http:\/\/www.cgt-hopital-manosque.fr\/index.php?rest_route=\/wp\/v2\/posts"}],"about":[{"href":"http:\/\/www.cgt-hopital-manosque.fr\/index.php?rest_route=\/wp\/v2\/types\/post"}],"author":[{"embeddable":true,"href":"http:\/\/www.cgt-hopital-manosque.fr\/index.php?rest_route=\/wp\/v2\/users\/1"}],"replies":[{"embeddable":true,"href":"http:\/\/www.cgt-hopital-manosque.fr\/index.php?rest_route=%2Fwp%2Fv2%2Fcomments&post=4269"}],"version-history":[{"count":3,"href":"http:\/\/www.cgt-hopital-manosque.fr\/index.php?rest_route=\/wp\/v2\/posts\/4269\/revisions"}],"predecessor-version":[{"id":4275,"href":"http:\/\/www.cgt-hopital-manosque.fr\/index.php?rest_route=\/wp\/v2\/posts\/4269\/revisions\/4275"}],"wp:attachment":[{"href":"http:\/\/www.cgt-hopital-manosque.fr\/index.php?rest_route=%2Fwp%2Fv2%2Fmedia&parent=4269"}],"wp:term":[{"taxonomy":"category","embeddable":true,"href":"http:\/\/www.cgt-hopital-manosque.fr\/index.php?rest_route=%2Fwp%2Fv2%2Fcategories&post=4269"},{"taxonomy":"post_tag","embeddable":true,"href":"http:\/\/www.cgt-hopital-manosque.fr\/index.php?rest_route=%2Fwp%2Fv2%2Ftags&post=4269"}],"curies":[{"name":"wp","href":"https:\/\/api.w.org\/{rel}","templated":true}]}}