{"id":4277,"date":"2016-06-23T20:46:33","date_gmt":"2016-06-23T20:46:33","guid":{"rendered":"http:\/\/www.cgt-hopital-manosque.fr\/?p=4277"},"modified":"2016-06-23T20:49:13","modified_gmt":"2016-06-23T20:49:13","slug":"22-juin-2016-le-defenseur-des-droits-rejoint-la-position-de-la-cgt-le-gel-de-note-pour-conge-maternite-est-une-discrimination","status":"publish","type":"post","link":"http:\/\/www.cgt-hopital-manosque.fr\/?p=4277","title":{"rendered":"22 juin 2016 &#8211; Le D\u00e9fenseur Des Droits rejoint la position de la CGT : Le gel de note pour cong\u00e9 maternit\u00e9 est une discrimination"},"content":{"rendered":"<p><a href=\"http:\/\/www.cgt-hopital-manosque.fr\/wp-content\/uploads\/2016\/06\/716.-Tract-CGT-discrimination-grossesse.jpg\"><img loading=\"lazy\" decoding=\"async\" src=\"http:\/\/www.cgt-hopital-manosque.fr\/wp-content\/uploads\/2016\/06\/716.-Tract-CGT-discrimination-grossesse.jpg\" alt=\"Tract CGT discrimination grossesse\" width=\"555\" height=\"887\" class=\"aligncenter size-full wp-image-4278\" srcset=\"http:\/\/www.cgt-hopital-manosque.fr\/wp-content\/uploads\/2016\/06\/716.-Tract-CGT-discrimination-grossesse.jpg 555w, http:\/\/www.cgt-hopital-manosque.fr\/wp-content\/uploads\/2016\/06\/716.-Tract-CGT-discrimination-grossesse-188x300.jpg 188w\" sizes=\"(max-width: 555px) 100vw, 555px\" \/><\/a><\/p>\n<p><strong>POUR TELECHARGER LE TRACT, <a href=\"http:\/\/www.cgt-hopital-manosque.fr\/wp-content\/uploads\/2016\/06\/716.-Tract-gel-de-note-cong\u00e9s-maternit\u00e9.pdf\">CLIQUER ICI<\/a><\/strong><\/p>\n","protected":false},"excerpt":{"rendered":"<p>POUR TELECHARGER LE TRACT, CLIQUER ICI<\/p>\n","protected":false},"author":1,"featured_media":0,"comment_status":"closed","ping_status":"closed","sticky":false,"template":"","format":"standard","meta":{"footnotes":""},"categories":[7],"tags":[],"views":1901,"_links":{"self":[{"href":"http:\/\/www.cgt-hopital-manosque.fr\/index.php?rest_route=\/wp\/v2\/posts\/4277"}],"collection":[{"href":"http:\/\/www.cgt-hopital-manosque.fr\/index.php?rest_route=\/wp\/v2\/posts"}],"about":[{"href":"http:\/\/www.cgt-hopital-manosque.fr\/index.php?rest_route=\/wp\/v2\/types\/post"}],"author":[{"embeddable":true,"href":"http:\/\/www.cgt-hopital-manosque.fr\/index.php?rest_route=\/wp\/v2\/users\/1"}],"replies":[{"embeddable":true,"href":"http:\/\/www.cgt-hopital-manosque.fr\/index.php?rest_route=%2Fwp%2Fv2%2Fcomments&post=4277"}],"version-history":[{"count":1,"href":"http:\/\/www.cgt-hopital-manosque.fr\/index.php?rest_route=\/wp\/v2\/posts\/4277\/revisions"}],"predecessor-version":[{"id":4280,"href":"http:\/\/www.cgt-hopital-manosque.fr\/index.php?rest_route=\/wp\/v2\/posts\/4277\/revisions\/4280"}],"wp:attachment":[{"href":"http:\/\/www.cgt-hopital-manosque.fr\/index.php?rest_route=%2Fwp%2Fv2%2Fmedia&parent=4277"}],"wp:term":[{"taxonomy":"category","embeddable":true,"href":"http:\/\/www.cgt-hopital-manosque.fr\/index.php?rest_route=%2Fwp%2Fv2%2Fcategories&post=4277"},{"taxonomy":"post_tag","embeddable":true,"href":"http:\/\/www.cgt-hopital-manosque.fr\/index.php?rest_route=%2Fwp%2Fv2%2Ftags&post=4277"}],"curies":[{"name":"wp","href":"https:\/\/api.w.org\/{rel}","templated":true}]}}