{"id":4352,"date":"2016-07-08T09:02:13","date_gmt":"2016-07-08T09:02:13","guid":{"rendered":"http:\/\/www.cgt-hopital-manosque.fr\/?p=4352"},"modified":"2016-07-08T09:03:27","modified_gmt":"2016-07-08T09:03:27","slug":"8-juillet-2016-le-journal-de-lud-cgt-04-du-mois-de-juin-2016","status":"publish","type":"post","link":"http:\/\/www.cgt-hopital-manosque.fr\/?p=4352","title":{"rendered":"8 juillet 2016 &#8211; Le journal de l&rsquo;UD CGT 04 du mois de juin 2016"},"content":{"rendered":"<p><a href=\"http:\/\/www.cgt-hopital-manosque.fr\/wp-content\/uploads\/2016\/07\/724.-Sommaire.jpg\"><img loading=\"lazy\" decoding=\"async\" src=\"http:\/\/www.cgt-hopital-manosque.fr\/wp-content\/uploads\/2016\/07\/724.-Sommaire.jpg\" alt=\"Sommaire journal UD CGT 04 juin 2016\" width=\"631\" height=\"899\" class=\"aligncenter size-full wp-image-4353\" srcset=\"http:\/\/www.cgt-hopital-manosque.fr\/wp-content\/uploads\/2016\/07\/724.-Sommaire.jpg 631w, http:\/\/www.cgt-hopital-manosque.fr\/wp-content\/uploads\/2016\/07\/724.-Sommaire-211x300.jpg 211w\" sizes=\"(max-width: 631px) 100vw, 631px\" \/><\/a><\/p>\n<p style= \"text-align: justify;\"><strong><br \/>\nSommaire : <\/p>\n<p style= \"text-align: justify;\">Page 1 : Edito d&rsquo;Alain Bard, SG UD CGT 04<\/p>\n<p style= \"text-align: justify;\">Page 2  : Suite de l&rsquo;\u00e9dito + La Caravane des saisonniers<\/p>\n<p style= \"text-align: justify;\">Page 3 : Congr\u00e8s de l&rsquo;Union Locale de Digne du 11 juin &#8211; Interview d&rsquo;Aurore Porthe, la nouvelle SG de l&rsquo;UL<\/p>\n<p style= \"text-align: justify;\">Pages 4 et 5 : Pour le retrait du projet de Loi El Khomri, la lutte continue : des rassemblements&#8230;\u00e0 la votation citoyenne<\/p>\n<p style= \"text-align: justify;\">Page 6  : Congr\u00e8s de la FAPT 04 des 23 et 24 juin &#8211; Un nouveau secr\u00e9taire g\u00e9n\u00e9ral et de nouvelles ambitions<\/p>\n<p style= \"text-align: justify;\">Page 7  : \u00ab\u00a0GHT\u00a0\u00bb : les trois lettres de la discorde &#8211; Une v\u00e9ritable r\u00e9volution silencieuse se pr\u00e9pare &#8211; Interview de C\u00e9dric Volait<\/p>\n<p style= \"text-align: justify;\">Page 8  : Partenariat<\/p>\n<p style= \"text-align: justify;\">\n<\/strong>\n<\/p>\n<p style= \"text-align: justify;\">\n<strong>POUR CONSULTER LE JOURNAL COMPLET, <a href=\"http:\/\/www.cgt-hopital-manosque.fr\/wp-content\/uploads\/2016\/07\/724.-Journal-UD-CGT-04-juin-2016.pdf\">CLIQUER ICI<\/a><br \/>\n<\/strong><\/p>\n","protected":false},"excerpt":{"rendered":"<p>Sommaire : Page 1 : Edito d&rsquo;Alain Bard, SG UD CGT 04 Page 2 : Suite de l&rsquo;\u00e9dito + La Caravane des saisonniers Page 3 : Congr\u00e8s de l&rsquo;Union Locale de Digne du 11 juin &#8211; Interview d&rsquo;Aurore Porthe, la nouvelle SG de l&rsquo;UL Pages 4 et 5 : Pour le retrait du projet de [&hellip;]<\/p>\n","protected":false},"author":1,"featured_media":0,"comment_status":"closed","ping_status":"closed","sticky":false,"template":"","format":"standard","meta":{"footnotes":""},"categories":[1],"tags":[],"views":1657,"_links":{"self":[{"href":"http:\/\/www.cgt-hopital-manosque.fr\/index.php?rest_route=\/wp\/v2\/posts\/4352"}],"collection":[{"href":"http:\/\/www.cgt-hopital-manosque.fr\/index.php?rest_route=\/wp\/v2\/posts"}],"about":[{"href":"http:\/\/www.cgt-hopital-manosque.fr\/index.php?rest_route=\/wp\/v2\/types\/post"}],"author":[{"embeddable":true,"href":"http:\/\/www.cgt-hopital-manosque.fr\/index.php?rest_route=\/wp\/v2\/users\/1"}],"replies":[{"embeddable":true,"href":"http:\/\/www.cgt-hopital-manosque.fr\/index.php?rest_route=%2Fwp%2Fv2%2Fcomments&post=4352"}],"version-history":[{"count":3,"href":"http:\/\/www.cgt-hopital-manosque.fr\/index.php?rest_route=\/wp\/v2\/posts\/4352\/revisions"}],"predecessor-version":[{"id":4357,"href":"http:\/\/www.cgt-hopital-manosque.fr\/index.php?rest_route=\/wp\/v2\/posts\/4352\/revisions\/4357"}],"wp:attachment":[{"href":"http:\/\/www.cgt-hopital-manosque.fr\/index.php?rest_route=%2Fwp%2Fv2%2Fmedia&parent=4352"}],"wp:term":[{"taxonomy":"category","embeddable":true,"href":"http:\/\/www.cgt-hopital-manosque.fr\/index.php?rest_route=%2Fwp%2Fv2%2Fcategories&post=4352"},{"taxonomy":"post_tag","embeddable":true,"href":"http:\/\/www.cgt-hopital-manosque.fr\/index.php?rest_route=%2Fwp%2Fv2%2Ftags&post=4352"}],"curies":[{"name":"wp","href":"https:\/\/api.w.org\/{rel}","templated":true}]}}