{"id":4399,"date":"2016-07-15T05:41:45","date_gmt":"2016-07-15T05:41:45","guid":{"rendered":"http:\/\/www.cgt-hopital-manosque.fr\/?p=4399"},"modified":"2016-07-15T05:56:50","modified_gmt":"2016-07-15T05:56:50","slug":"15-juillet-2016-ght-04-ca-commence-tres-mal","status":"publish","type":"post","link":"http:\/\/www.cgt-hopital-manosque.fr\/?p=4399","title":{"rendered":"15 juillet 2016 &#8211; GHT 04 : \u00e7a commence tr\u00e8s mal !"},"content":{"rendered":"<p><a href=\"http:\/\/www.cgt-hopital-manosque.fr\/wp-content\/uploads\/2016\/07\/727.-Image-GHT-04.jpg\"><img loading=\"lazy\" decoding=\"async\" src=\"http:\/\/www.cgt-hopital-manosque.fr\/wp-content\/uploads\/2016\/07\/727.-Image-GHT-04.jpg\" alt=\"Image GHT 04\" width=\"240\" height=\"210\" class=\"aligncenter size-full wp-image-4400\" \/><\/a><\/p>\n<p style= \"text-align: justify;\">Il y a deux failles que les pouvoirs publics ont trouv\u00e9es. La premi\u00e8re faille c\u2019est sur les dates. Le d\u00e9cret \u00ab GHT \u00bb a \u00e9t\u00e9 publi\u00e9 le 28 avril 2016 pour une application au 1er juillet 2016. Tout est fait pour ne pas que les citoyens aient le temps et la capacit\u00e9 de comprendre ce qui se trame derri\u00e8re leur dos. Tout est fait pour donner le moins de temps possible afin que les syndicats puissent analyser ce dispositif et ses cons\u00e9quences. La seconde faille, c\u2019est qu\u2019ils savent qu\u2019en mettant en concurrence les h\u00f4pitaux, tout le monde va regarder son propre \u00ab clocher \u00bb et va se replier sur lui-m\u00eame. On est dans une logique de \u00ab diviser pour mieux r\u00e9gner \u00bb. Et dans le 04, nous sommes en plein dans ces deux failles : d\u2019un c\u00f4t\u00e9 nous avons un syndicat et deux ou trois \u00e9lus qui nous expliquent qu\u2019un GHT 04 \u00ab c\u2019est pas mal du tout \u00bb mais sans vraiment expliquer pourquoi et sans v\u00e9ritable analyse. Et d\u2019un autre c\u00f4t\u00e9, nous avons quelques directeurs ou \u00e9lus qui se replient sur eux-m\u00eames en d\u00e9fendant uniquement leur h\u00f4pital. <\/p>\n<p style= \"text-align: justify;\">A la CGT, nous pensons qu\u2019il faut \u00e9lever le d\u00e9bat et avoir une vision globale de la situation. Il faut \u00eatre clair, responsable et dire la v\u00e9rit\u00e9 aux populations : Les GHT r\u00e9pondent \u00e0 une logique de transformation de l\u2019offre globale de sant\u00e9 : il n\u2019y aura pas de bons GHT !<br \/>\nEt nous invitons tous les \u00e9lus \u00e0 prendre le temps de bien comprendre ce qui se passe, et ne pas simplement regarder la partie visible de l&rsquo;iceberg. <\/p>\n<p style= \"text-align: justify;\">Les GHT sont uniquement l\u00e0 pour r\u00e9pondre \u00e0 une logique d\u2019\u00e9conomies par la mise en place d\u2019une politique de restructurations hospitali\u00e8res. Un GHT d\u00e9partemental ou un GHT interd\u00e9partemental r\u00e9pondra \u00e0 la m\u00eame logique et aux m\u00eames objectifs. C\u2019est pour cela que la CGT se bat contre la mise en place de cet outil destructeur pour les h\u00f4pitaux. <\/p>\n<p style= \"text-align: justify;\">L\u2019enjeu majeur pour les h\u00f4pitaux reste celui du financement pour mettre en \u00e9chec les politiques d\u2019aust\u00e9rit\u00e9 et de marchandisation de la sant\u00e9, de privatisation de la s\u00e9curit\u00e9 sociale : ni la loi Sant\u00e9, ni les GHT n\u2019entendent r\u00e9soudre l\u2019\u00e9tranglement financier des h\u00f4pitaux ! Et loin de r\u00e9soudre ce probl\u00e8me les GHT vont l\u2019empirer. <\/p>\n<p style= \"text-align: justify;\">La question importante \u00e0 se poser aujourd\u2019hui, c\u2019est \u00ab Comment donne-t-on aux h\u00f4pitaux les moyens de fonctionner correctement afin que les usagers soient pris en charge de mani\u00e8re optimale et quelque soient leur lieu de vie ? \u00bb. <\/p>\n<p style= \"text-align: justify;\"><strong> POUR CONSULTER NOTRE DOSSIER COMPLET SUR LES GHT (AVEC LES DIFFERENTS ARTICLES ET TRACTS), <a href=\"http:\/\/www.cgt-hopital-manosque.fr\/?p=4236\" target=\"_blank\">CLIQUER ICI<\/a><\/strong><\/p>\n","protected":false},"excerpt":{"rendered":"<p>Il y a deux failles que les pouvoirs publics ont trouv\u00e9es. La premi\u00e8re faille c\u2019est sur les dates. Le d\u00e9cret \u00ab GHT \u00bb a \u00e9t\u00e9 publi\u00e9 le 28 avril 2016 pour une application au 1er juillet 2016. Tout est fait pour ne pas que les citoyens aient le temps et la capacit\u00e9 de comprendre ce [&hellip;]<\/p>\n","protected":false},"author":1,"featured_media":0,"comment_status":"closed","ping_status":"closed","sticky":false,"template":"","format":"standard","meta":{"footnotes":""},"categories":[7],"tags":[],"views":2380,"_links":{"self":[{"href":"http:\/\/www.cgt-hopital-manosque.fr\/index.php?rest_route=\/wp\/v2\/posts\/4399"}],"collection":[{"href":"http:\/\/www.cgt-hopital-manosque.fr\/index.php?rest_route=\/wp\/v2\/posts"}],"about":[{"href":"http:\/\/www.cgt-hopital-manosque.fr\/index.php?rest_route=\/wp\/v2\/types\/post"}],"author":[{"embeddable":true,"href":"http:\/\/www.cgt-hopital-manosque.fr\/index.php?rest_route=\/wp\/v2\/users\/1"}],"replies":[{"embeddable":true,"href":"http:\/\/www.cgt-hopital-manosque.fr\/index.php?rest_route=%2Fwp%2Fv2%2Fcomments&post=4399"}],"version-history":[{"count":4,"href":"http:\/\/www.cgt-hopital-manosque.fr\/index.php?rest_route=\/wp\/v2\/posts\/4399\/revisions"}],"predecessor-version":[{"id":4405,"href":"http:\/\/www.cgt-hopital-manosque.fr\/index.php?rest_route=\/wp\/v2\/posts\/4399\/revisions\/4405"}],"wp:attachment":[{"href":"http:\/\/www.cgt-hopital-manosque.fr\/index.php?rest_route=%2Fwp%2Fv2%2Fmedia&parent=4399"}],"wp:term":[{"taxonomy":"category","embeddable":true,"href":"http:\/\/www.cgt-hopital-manosque.fr\/index.php?rest_route=%2Fwp%2Fv2%2Fcategories&post=4399"},{"taxonomy":"post_tag","embeddable":true,"href":"http:\/\/www.cgt-hopital-manosque.fr\/index.php?rest_route=%2Fwp%2Fv2%2Ftags&post=4399"}],"curies":[{"name":"wp","href":"https:\/\/api.w.org\/{rel}","templated":true}]}}