{"id":442,"date":"2012-06-03T08:54:33","date_gmt":"2012-06-03T08:54:33","guid":{"rendered":"http:\/\/www.cgt-hopital-manosque.fr\/?p=442"},"modified":"2012-06-03T08:55:24","modified_gmt":"2012-06-03T08:55:24","slug":"1er-juin-2012-urgences-entre-attente-violence-burn-out-et-suicides-2","status":"publish","type":"post","link":"http:\/\/www.cgt-hopital-manosque.fr\/?p=442","title":{"rendered":"1er juin 2012 &#8211; Urgences : entre attente, violence, burn out et suicides"},"content":{"rendered":"<p style= \"text-align: justify;\">La violente agression aux Urgences du CHU de Grenoble rappelle les conditions d&rsquo;ins\u00e9curit\u00e9 dans lesquelles s&rsquo;exerce la m\u00e9decine d&rsquo;urgence. C&rsquo;est dans ce contexte difficile que Patrick Pelloux, urgentiste au Samu de Paris, sort son dernier ouvrage \u00ab\u00a0Urgences&#8230; Si vous saviez : Chroniques du Samu\u00a0\u00bb. Il s&rsquo;inqui\u00e8te du burn out et des suicides des soignants, pointe les dysfonctionnements chroniques des services d&rsquo;urgences, et propose les solutions qui lui semblent les plus adapt\u00e9es. <\/p>\n<p style= \"text-align: justify;\">Quant \u00e0 elle, la CGT regrette la baisse du nombre de lits, la pr\u00e9carisation du personnel et le manque de formation dans les services d&rsquo;urgences et demande des mesures rapides dans ces domaines. <\/p>\n","protected":false},"excerpt":{"rendered":"<p>La violente agression aux Urgences du CHU de Grenoble rappelle les conditions d&rsquo;ins\u00e9curit\u00e9 dans lesquelles s&rsquo;exerce la m\u00e9decine d&rsquo;urgence. C&rsquo;est dans ce contexte difficile que Patrick Pelloux, urgentiste au Samu de Paris, sort son dernier ouvrage \u00ab\u00a0Urgences&#8230; Si vous saviez : Chroniques du Samu\u00a0\u00bb. Il s&rsquo;inqui\u00e8te du burn out et des suicides des soignants, pointe [&hellip;]<\/p>\n","protected":false},"author":1,"featured_media":0,"comment_status":"closed","ping_status":"open","sticky":false,"template":"","format":"standard","meta":{"footnotes":""},"categories":[8],"tags":[],"views":2251,"_links":{"self":[{"href":"http:\/\/www.cgt-hopital-manosque.fr\/index.php?rest_route=\/wp\/v2\/posts\/442"}],"collection":[{"href":"http:\/\/www.cgt-hopital-manosque.fr\/index.php?rest_route=\/wp\/v2\/posts"}],"about":[{"href":"http:\/\/www.cgt-hopital-manosque.fr\/index.php?rest_route=\/wp\/v2\/types\/post"}],"author":[{"embeddable":true,"href":"http:\/\/www.cgt-hopital-manosque.fr\/index.php?rest_route=\/wp\/v2\/users\/1"}],"replies":[{"embeddable":true,"href":"http:\/\/www.cgt-hopital-manosque.fr\/index.php?rest_route=%2Fwp%2Fv2%2Fcomments&post=442"}],"version-history":[{"count":2,"href":"http:\/\/www.cgt-hopital-manosque.fr\/index.php?rest_route=\/wp\/v2\/posts\/442\/revisions"}],"predecessor-version":[{"id":444,"href":"http:\/\/www.cgt-hopital-manosque.fr\/index.php?rest_route=\/wp\/v2\/posts\/442\/revisions\/444"}],"wp:attachment":[{"href":"http:\/\/www.cgt-hopital-manosque.fr\/index.php?rest_route=%2Fwp%2Fv2%2Fmedia&parent=442"}],"wp:term":[{"taxonomy":"category","embeddable":true,"href":"http:\/\/www.cgt-hopital-manosque.fr\/index.php?rest_route=%2Fwp%2Fv2%2Fcategories&post=442"},{"taxonomy":"post_tag","embeddable":true,"href":"http:\/\/www.cgt-hopital-manosque.fr\/index.php?rest_route=%2Fwp%2Fv2%2Ftags&post=442"}],"curies":[{"name":"wp","href":"https:\/\/api.w.org\/{rel}","templated":true}]}}