{"id":4443,"date":"2016-09-03T17:28:22","date_gmt":"2016-09-03T17:28:22","guid":{"rendered":"http:\/\/www.cgt-hopital-manosque.fr\/?p=4443"},"modified":"2016-09-03T17:36:01","modified_gmt":"2016-09-03T17:36:01","slug":"2-septembre-2016-le-journal-de-lud-cgt-04-de-juillet-aout-2016","status":"publish","type":"post","link":"http:\/\/www.cgt-hopital-manosque.fr\/?p=4443","title":{"rendered":"1er septembre 2016 &#8211; Le journal de l&rsquo;UD CGT 04 de juillet &#8211; ao\u00fbt 2016"},"content":{"rendered":"<p><a href=\"http:\/\/www.cgt-hopital-manosque.fr\/wp-content\/uploads\/2016\/09\/731.-Sommaire-journal-UD-CGTjpg.jpg\"><img loading=\"lazy\" decoding=\"async\" src=\"http:\/\/www.cgt-hopital-manosque.fr\/wp-content\/uploads\/2016\/09\/731.-Sommaire-journal-UD-CGTjpg.jpg\" alt=\"731. Sommaire journal UD CGTjpg\" width=\"635\" height=\"901\" class=\"aligncenter size-full wp-image-4444\" srcset=\"http:\/\/www.cgt-hopital-manosque.fr\/wp-content\/uploads\/2016\/09\/731.-Sommaire-journal-UD-CGTjpg.jpg 635w, http:\/\/www.cgt-hopital-manosque.fr\/wp-content\/uploads\/2016\/09\/731.-Sommaire-journal-UD-CGTjpg-211x300.jpg 211w\" sizes=\"(max-width: 635px) 100vw, 635px\" \/><\/a><\/p>\n<p><strong><\/p>\n<p style= \"text-align: justify;\">\nSommaire : <\/p>\n<p style= \"text-align: justify;\">Page 1 : Edito<\/p>\n<p style= \"text-align: justify;\">Page 2  : Distribution de fin ao\u00fbt + Comit\u00e9 d\u00e9partemental du 13 septembre <\/p>\n<p style= \"text-align: justify;\">Page 3 : Mobilisation \u00e0 Colas, interview de Roland Brun <\/p>\n<p style= \"text-align: justify;\">Pages 4 et 5 : F\u00eate de la CGT du 3 septembre \u00e0 Ch\u00e2teau-Arnoux \/ Saint-Auban <\/p>\n<p style= \"text-align: justify;\">Page 6  : Le combat continue \u00e0 Porte Accueil Sainte-Tulle + Rapport IGAS sur les 35h00 <\/p>\n<p style= \"text-align: justify;\">Page 7  : La Poste de Saint-Auban menac\u00e9e, interview de Bernard Carmona <\/p>\n<p style= \"text-align: justify;\">Page 8  : La caravane des saisonniers a fait escale aux M\u00e9es et \u00e0 la Brillanne <\/p>\n<p style= \"text-align: justify;\">\n<p style= \"text-align: justify;\">\nPOUR CONSULTER LE JOURNAL COMPLET, <a href=\"http:\/\/www.cgt-hopital-manosque.fr\/wp-content\/uploads\/2016\/09\/731.-Journal-UD-CGT-04-juillet-ao\u00fbt-2016.pdf\">CLIQUER ICI<\/a>\n<\/p>\n<p><\/strong><\/p>\n","protected":false},"excerpt":{"rendered":"<p>Sommaire : Page 1 : Edito Page 2 : Distribution de fin ao\u00fbt + Comit\u00e9 d\u00e9partemental du 13 septembre Page 3 : Mobilisation \u00e0 Colas, interview de Roland Brun Pages 4 et 5 : F\u00eate de la CGT du 3 septembre \u00e0 Ch\u00e2teau-Arnoux \/ Saint-Auban Page 6 : Le combat continue \u00e0 Porte Accueil Sainte-Tulle [&hellip;]<\/p>\n","protected":false},"author":1,"featured_media":0,"comment_status":"closed","ping_status":"closed","sticky":false,"template":"","format":"standard","meta":{"footnotes":""},"categories":[7],"tags":[],"views":1643,"_links":{"self":[{"href":"http:\/\/www.cgt-hopital-manosque.fr\/index.php?rest_route=\/wp\/v2\/posts\/4443"}],"collection":[{"href":"http:\/\/www.cgt-hopital-manosque.fr\/index.php?rest_route=\/wp\/v2\/posts"}],"about":[{"href":"http:\/\/www.cgt-hopital-manosque.fr\/index.php?rest_route=\/wp\/v2\/types\/post"}],"author":[{"embeddable":true,"href":"http:\/\/www.cgt-hopital-manosque.fr\/index.php?rest_route=\/wp\/v2\/users\/1"}],"replies":[{"embeddable":true,"href":"http:\/\/www.cgt-hopital-manosque.fr\/index.php?rest_route=%2Fwp%2Fv2%2Fcomments&post=4443"}],"version-history":[{"count":4,"href":"http:\/\/www.cgt-hopital-manosque.fr\/index.php?rest_route=\/wp\/v2\/posts\/4443\/revisions"}],"predecessor-version":[{"id":4449,"href":"http:\/\/www.cgt-hopital-manosque.fr\/index.php?rest_route=\/wp\/v2\/posts\/4443\/revisions\/4449"}],"wp:attachment":[{"href":"http:\/\/www.cgt-hopital-manosque.fr\/index.php?rest_route=%2Fwp%2Fv2%2Fmedia&parent=4443"}],"wp:term":[{"taxonomy":"category","embeddable":true,"href":"http:\/\/www.cgt-hopital-manosque.fr\/index.php?rest_route=%2Fwp%2Fv2%2Fcategories&post=4443"},{"taxonomy":"post_tag","embeddable":true,"href":"http:\/\/www.cgt-hopital-manosque.fr\/index.php?rest_route=%2Fwp%2Fv2%2Ftags&post=4443"}],"curies":[{"name":"wp","href":"https:\/\/api.w.org\/{rel}","templated":true}]}}