{"id":4463,"date":"2016-09-13T20:13:28","date_gmt":"2016-09-13T20:13:28","guid":{"rendered":"http:\/\/www.cgt-hopital-manosque.fr\/?p=4463"},"modified":"2016-09-13T20:15:18","modified_gmt":"2016-09-13T20:15:18","slug":"13-septembre-2016-tous-ensemble-le-15-septembre-a-11h00-a-digne-les-bains","status":"publish","type":"post","link":"http:\/\/www.cgt-hopital-manosque.fr\/?p=4463","title":{"rendered":"13 septembre 2016 &#8211; Tous ensemble le 15 septembre \u00e0 11h00 \u00e0 Digne-les-Bains"},"content":{"rendered":"<p><a href=\"http:\/\/www.cgt-hopital-manosque.fr\/wp-content\/uploads\/2016\/09\/734.-Tous-ensemble-le-15-septembre-\u00e0-11h00-\u00e0-Digne.jpg\"><img loading=\"lazy\" decoding=\"async\" src=\"http:\/\/www.cgt-hopital-manosque.fr\/wp-content\/uploads\/2016\/09\/734.-Tous-ensemble-le-15-septembre-\u00e0-11h00-\u00e0-Digne.jpg\" alt=\"734-tous-ensemble-le-15-septembre-a-11h00-a-digne\" width=\"1000\" height=\"750\" class=\"aligncenter size-full wp-image-4464\" srcset=\"http:\/\/www.cgt-hopital-manosque.fr\/wp-content\/uploads\/2016\/09\/734.-Tous-ensemble-le-15-septembre-\u00e0-11h00-\u00e0-Digne.jpg 1000w, http:\/\/www.cgt-hopital-manosque.fr\/wp-content\/uploads\/2016\/09\/734.-Tous-ensemble-le-15-septembre-\u00e0-11h00-\u00e0-Digne-300x225.jpg 300w\" sizes=\"(max-width: 1000px) 100vw, 1000px\" \/><\/a><\/p>\n<p style= \"text-align: justify;\">Il est important de se mobiliser le 15 septembre bien entendu dans un premier temps contre la Loi El Khomri qui est une loi ill\u00e9gitime (bas\u00e9e sur une imposture \u00e9lectorale, bas\u00e9e aussi sur l&rsquo;utilisation du 49.3 m\u00e9prisant au plus haut point la volont\u00e9 g\u00e9n\u00e9rale) mais \u00e9galement une loi inefficace (la voie de la baisse \u00ab\u00a0du co\u00fbt du travail\u00a0\u00bb ces derni\u00e8res ann\u00e9es a conduit \u00e0 700 000 ch\u00f4meurs de plus depuis 2012 et \u00e0 une d\u00e9gradation importante des conditions de travail). <\/p>\n<p style= \"text-align: justify;\">Mais, il nous semble important de faire \u00e9galement le lien avec notre secteur d&rsquo;activit\u00e9 et les GHT qui font partie d&rsquo;une politique et d&rsquo;une strat\u00e9gie plus globale. Les GHT, qui constituent le vrai visage de la Loi Touraine, ont pour but de passer \u00e0 la vitesse sup\u00e9rieure en termes de restructurations hospitali\u00e8res, fermeture de services et d\u2019\u00e9tablissements ou encore de suppressions d\u2019emplois. <\/p>\n<p style= \"text-align: justify;\">Le syndicat CGT de l&rsquo;h\u00f4pital de Manosque appelle les salari\u00e9s, et plus globalement les citoyens \u00e0 se mobiliser le 15 septembre : RDV \u00e0 11h00 \u00e0 la manif \u00e0 Digne, place G\u00e9n\u00e9ral de Gaulle. <\/p>\n","protected":false},"excerpt":{"rendered":"<p>Il est important de se mobiliser le 15 septembre bien entendu dans un premier temps contre la Loi El Khomri qui est une loi ill\u00e9gitime (bas\u00e9e sur une imposture \u00e9lectorale, bas\u00e9e aussi sur l&rsquo;utilisation du 49.3 m\u00e9prisant au plus haut point la volont\u00e9 g\u00e9n\u00e9rale) mais \u00e9galement une loi inefficace (la voie de la baisse \u00ab\u00a0du [&hellip;]<\/p>\n","protected":false},"author":1,"featured_media":0,"comment_status":"closed","ping_status":"closed","sticky":false,"template":"","format":"standard","meta":{"footnotes":""},"categories":[7],"tags":[],"views":1575,"_links":{"self":[{"href":"http:\/\/www.cgt-hopital-manosque.fr\/index.php?rest_route=\/wp\/v2\/posts\/4463"}],"collection":[{"href":"http:\/\/www.cgt-hopital-manosque.fr\/index.php?rest_route=\/wp\/v2\/posts"}],"about":[{"href":"http:\/\/www.cgt-hopital-manosque.fr\/index.php?rest_route=\/wp\/v2\/types\/post"}],"author":[{"embeddable":true,"href":"http:\/\/www.cgt-hopital-manosque.fr\/index.php?rest_route=\/wp\/v2\/users\/1"}],"replies":[{"embeddable":true,"href":"http:\/\/www.cgt-hopital-manosque.fr\/index.php?rest_route=%2Fwp%2Fv2%2Fcomments&post=4463"}],"version-history":[{"count":3,"href":"http:\/\/www.cgt-hopital-manosque.fr\/index.php?rest_route=\/wp\/v2\/posts\/4463\/revisions"}],"predecessor-version":[{"id":4467,"href":"http:\/\/www.cgt-hopital-manosque.fr\/index.php?rest_route=\/wp\/v2\/posts\/4463\/revisions\/4467"}],"wp:attachment":[{"href":"http:\/\/www.cgt-hopital-manosque.fr\/index.php?rest_route=%2Fwp%2Fv2%2Fmedia&parent=4463"}],"wp:term":[{"taxonomy":"category","embeddable":true,"href":"http:\/\/www.cgt-hopital-manosque.fr\/index.php?rest_route=%2Fwp%2Fv2%2Fcategories&post=4463"},{"taxonomy":"post_tag","embeddable":true,"href":"http:\/\/www.cgt-hopital-manosque.fr\/index.php?rest_route=%2Fwp%2Fv2%2Ftags&post=4463"}],"curies":[{"name":"wp","href":"https:\/\/api.w.org\/{rel}","templated":true}]}}