{"id":4469,"date":"2016-09-24T19:05:52","date_gmt":"2016-09-24T19:05:52","guid":{"rendered":"http:\/\/www.cgt-hopital-manosque.fr\/?p=4469"},"modified":"2016-09-24T19:09:56","modified_gmt":"2016-09-24T19:09:56","slug":"23-septembre-2016-un-collegue-aide-soignant-grievement-blesse-le-15-septembre","status":"publish","type":"post","link":"http:\/\/www.cgt-hopital-manosque.fr\/?p=4469","title":{"rendered":"23 septembre 2016 &#8211; Un coll\u00e8gue aide-soignant gri\u00e8vement bless\u00e9 le 15 septembre"},"content":{"rendered":"<p><a href=\"http:\/\/www.cgt-hopital-manosque.fr\/wp-content\/uploads\/2016\/09\/735.-Tract-AS-bless\u00e9-pour-le-blog.jpg\"><img loading=\"lazy\" decoding=\"async\" src=\"http:\/\/www.cgt-hopital-manosque.fr\/wp-content\/uploads\/2016\/09\/735.-Tract-AS-bless\u00e9-pour-le-blog.jpg\" alt=\"AS Manifestant bless\u00e9 manif Loi Travail\" width=\"707\" height=\"808\" class=\"aligncenter size-full wp-image-4470\" srcset=\"http:\/\/www.cgt-hopital-manosque.fr\/wp-content\/uploads\/2016\/09\/735.-Tract-AS-bless\u00e9-pour-le-blog.jpg 707w, http:\/\/www.cgt-hopital-manosque.fr\/wp-content\/uploads\/2016\/09\/735.-Tract-AS-bless\u00e9-pour-le-blog-263x300.jpg 263w\" sizes=\"(max-width: 707px) 100vw, 707px\" \/><\/a><\/p>\n","protected":false},"excerpt":{"rendered":"","protected":false},"author":1,"featured_media":0,"comment_status":"closed","ping_status":"closed","sticky":false,"template":"","format":"standard","meta":{"footnotes":""},"categories":[7],"tags":[],"views":1598,"_links":{"self":[{"href":"http:\/\/www.cgt-hopital-manosque.fr\/index.php?rest_route=\/wp\/v2\/posts\/4469"}],"collection":[{"href":"http:\/\/www.cgt-hopital-manosque.fr\/index.php?rest_route=\/wp\/v2\/posts"}],"about":[{"href":"http:\/\/www.cgt-hopital-manosque.fr\/index.php?rest_route=\/wp\/v2\/types\/post"}],"author":[{"embeddable":true,"href":"http:\/\/www.cgt-hopital-manosque.fr\/index.php?rest_route=\/wp\/v2\/users\/1"}],"replies":[{"embeddable":true,"href":"http:\/\/www.cgt-hopital-manosque.fr\/index.php?rest_route=%2Fwp%2Fv2%2Fcomments&post=4469"}],"version-history":[{"count":1,"href":"http:\/\/www.cgt-hopital-manosque.fr\/index.php?rest_route=\/wp\/v2\/posts\/4469\/revisions"}],"predecessor-version":[{"id":4471,"href":"http:\/\/www.cgt-hopital-manosque.fr\/index.php?rest_route=\/wp\/v2\/posts\/4469\/revisions\/4471"}],"wp:attachment":[{"href":"http:\/\/www.cgt-hopital-manosque.fr\/index.php?rest_route=%2Fwp%2Fv2%2Fmedia&parent=4469"}],"wp:term":[{"taxonomy":"category","embeddable":true,"href":"http:\/\/www.cgt-hopital-manosque.fr\/index.php?rest_route=%2Fwp%2Fv2%2Fcategories&post=4469"},{"taxonomy":"post_tag","embeddable":true,"href":"http:\/\/www.cgt-hopital-manosque.fr\/index.php?rest_route=%2Fwp%2Fv2%2Ftags&post=4469"}],"curies":[{"name":"wp","href":"https:\/\/api.w.org\/{rel}","templated":true}]}}