{"id":4472,"date":"2016-09-24T19:12:58","date_gmt":"2016-09-24T19:12:58","guid":{"rendered":"http:\/\/www.cgt-hopital-manosque.fr\/?p=4472"},"modified":"2016-09-24T19:12:58","modified_gmt":"2016-09-24T19:12:58","slug":"24-septembre-2016-tract-jai-mal-au-travail-assemblee-generale-le-6-octobre","status":"publish","type":"post","link":"http:\/\/www.cgt-hopital-manosque.fr\/?p=4472","title":{"rendered":"24 septembre 2016 &#8211; Tract J&rsquo;ai mal au travail + Assembl\u00e9e g\u00e9n\u00e9rale le 6 octobre"},"content":{"rendered":"<p><a href=\"http:\/\/www.cgt-hopital-manosque.fr\/wp-content\/uploads\/2016\/09\/736.-Tract-USD-jai-mal-au-travail-CGT.jpg\"><img loading=\"lazy\" decoding=\"async\" src=\"http:\/\/www.cgt-hopital-manosque.fr\/wp-content\/uploads\/2016\/09\/736.-Tract-USD-jai-mal-au-travail-CGT.jpg\" alt=\"Tract j&#039;ai mal au travail CGT\" width=\"557\" height=\"899\" class=\"aligncenter size-full wp-image-4473\" srcset=\"http:\/\/www.cgt-hopital-manosque.fr\/wp-content\/uploads\/2016\/09\/736.-Tract-USD-jai-mal-au-travail-CGT.jpg 557w, http:\/\/www.cgt-hopital-manosque.fr\/wp-content\/uploads\/2016\/09\/736.-Tract-USD-jai-mal-au-travail-CGT-186x300.jpg 186w\" sizes=\"(max-width: 557px) 100vw, 557px\" \/><\/a><\/p>\n<p><strong>POURTELECHARGER LE TRACT, <a href=\"http:\/\/www.cgt-hopital-manosque.fr\/wp-content\/uploads\/2016\/09\/736.-Tract-USD-jai-mal-au-travail-septembre-2016.pdf\">CLIQUER ICI<\/a><\/strong><\/p>\n","protected":false},"excerpt":{"rendered":"<p>POURTELECHARGER LE TRACT, CLIQUER ICI<\/p>\n","protected":false},"author":1,"featured_media":0,"comment_status":"closed","ping_status":"closed","sticky":false,"template":"","format":"standard","meta":{"footnotes":""},"categories":[7],"tags":[],"views":1800,"_links":{"self":[{"href":"http:\/\/www.cgt-hopital-manosque.fr\/index.php?rest_route=\/wp\/v2\/posts\/4472"}],"collection":[{"href":"http:\/\/www.cgt-hopital-manosque.fr\/index.php?rest_route=\/wp\/v2\/posts"}],"about":[{"href":"http:\/\/www.cgt-hopital-manosque.fr\/index.php?rest_route=\/wp\/v2\/types\/post"}],"author":[{"embeddable":true,"href":"http:\/\/www.cgt-hopital-manosque.fr\/index.php?rest_route=\/wp\/v2\/users\/1"}],"replies":[{"embeddable":true,"href":"http:\/\/www.cgt-hopital-manosque.fr\/index.php?rest_route=%2Fwp%2Fv2%2Fcomments&post=4472"}],"version-history":[{"count":1,"href":"http:\/\/www.cgt-hopital-manosque.fr\/index.php?rest_route=\/wp\/v2\/posts\/4472\/revisions"}],"predecessor-version":[{"id":4475,"href":"http:\/\/www.cgt-hopital-manosque.fr\/index.php?rest_route=\/wp\/v2\/posts\/4472\/revisions\/4475"}],"wp:attachment":[{"href":"http:\/\/www.cgt-hopital-manosque.fr\/index.php?rest_route=%2Fwp%2Fv2%2Fmedia&parent=4472"}],"wp:term":[{"taxonomy":"category","embeddable":true,"href":"http:\/\/www.cgt-hopital-manosque.fr\/index.php?rest_route=%2Fwp%2Fv2%2Fcategories&post=4472"},{"taxonomy":"post_tag","embeddable":true,"href":"http:\/\/www.cgt-hopital-manosque.fr\/index.php?rest_route=%2Fwp%2Fv2%2Ftags&post=4472"}],"curies":[{"name":"wp","href":"https:\/\/api.w.org\/{rel}","templated":true}]}}