{"id":4487,"date":"2016-10-01T14:16:50","date_gmt":"2016-10-01T14:16:50","guid":{"rendered":"http:\/\/www.cgt-hopital-manosque.fr\/?p=4487"},"modified":"2016-10-01T14:18:51","modified_gmt":"2016-10-01T14:18:51","slug":"30-septembre-2016-le-journal-de-lud-cgt-04-du-mois-de-septembre-2016","status":"publish","type":"post","link":"http:\/\/www.cgt-hopital-manosque.fr\/?p=4487","title":{"rendered":"30 septembre 2016 &#8211; Le journal de l&rsquo;UD CGT 04 du mois de septembre 2016"},"content":{"rendered":"<p><a href=\"http:\/\/www.cgt-hopital-manosque.fr\/wp-content\/uploads\/2016\/10\/739.-Sommaire-journal-UD-CGT-04-septembre-2016.jpg\"><img loading=\"lazy\" decoding=\"async\" src=\"http:\/\/www.cgt-hopital-manosque.fr\/wp-content\/uploads\/2016\/10\/739.-Sommaire-journal-UD-CGT-04-septembre-2016.jpg\" alt=\"Sommaire-journal-ud-cgt-04-septembre-2016\" width=\"637\" height=\"905\" class=\"aligncenter size-full wp-image-4488\" srcset=\"http:\/\/www.cgt-hopital-manosque.fr\/wp-content\/uploads\/2016\/10\/739.-Sommaire-journal-UD-CGT-04-septembre-2016.jpg 637w, http:\/\/www.cgt-hopital-manosque.fr\/wp-content\/uploads\/2016\/10\/739.-Sommaire-journal-UD-CGT-04-septembre-2016-211x300.jpg 211w\" sizes=\"(max-width: 637px) 100vw, 637px\" \/><\/a><\/p>\n<p style= \"text-align: justify;\"><strong><br \/>\nSommaire : <\/p>\n<p style= \"text-align: justify;\">Page 1 : Edito d&rsquo;Alain Bard<\/p>\n<p style= \"text-align: justify;\">Page 2  : Quelques dates importantes (100 ans de Saint-Auban, D\u00e9fense de la Poste, DLAJ&#8230;) <\/p>\n<p style= \"text-align: justify;\">Page 3 : Mobilisation du 15 septembre contre la loi El Khomri <\/p>\n<p style= \"text-align: justify;\">Page 4 : F\u00eate de la CGT du 3 septembre  <\/p>\n<p style= \"text-align: justify;\">Page 5 : Comit\u00e9 d\u00e9partemental du 13 septembre : Interview d\u2019Aurore Porth\u00e9  <\/p>\n<p style= \"text-align: justify;\">Page 6  : Campagne sur les 32h00 : Interview de Didier Turrini <\/p>\n<p style= \"text-align: justify;\">Page 7  : Initiative avec les Fralib du 1er octobre <\/p>\n<p style= \"text-align: justify;\">Page 8  : La Sociale &#8211; Projection et d\u00e9bat avec Alain Barthe<\/p>\n<p style= \"text-align: justify;\">\n<\/strong>\n<\/p>\n<p style= \"text-align: justify;\">\n<strong>POUR CONSULTER LE JOURNAL COMPLET, <a href=\"http:\/\/www.cgt-hopital-manosque.fr\/wp-content\/uploads\/2016\/10\/739.-Journal-UD-CGT-04-septembre-2016.pdf\">CLIQUER ICI<\/a><\/strong><br \/>\n<\/strong><\/p>\n","protected":false},"excerpt":{"rendered":"<p>Sommaire : Page 1 : Edito d&rsquo;Alain Bard Page 2 : Quelques dates importantes (100 ans de Saint-Auban, D\u00e9fense de la Poste, DLAJ&#8230;) Page 3 : Mobilisation du 15 septembre contre la loi El Khomri Page 4 : F\u00eate de la CGT du 3 septembre Page 5 : Comit\u00e9 d\u00e9partemental du 13 septembre : Interview [&hellip;]<\/p>\n","protected":false},"author":1,"featured_media":0,"comment_status":"closed","ping_status":"closed","sticky":false,"template":"","format":"standard","meta":{"footnotes":""},"categories":[7],"tags":[],"views":1850,"_links":{"self":[{"href":"http:\/\/www.cgt-hopital-manosque.fr\/index.php?rest_route=\/wp\/v2\/posts\/4487"}],"collection":[{"href":"http:\/\/www.cgt-hopital-manosque.fr\/index.php?rest_route=\/wp\/v2\/posts"}],"about":[{"href":"http:\/\/www.cgt-hopital-manosque.fr\/index.php?rest_route=\/wp\/v2\/types\/post"}],"author":[{"embeddable":true,"href":"http:\/\/www.cgt-hopital-manosque.fr\/index.php?rest_route=\/wp\/v2\/users\/1"}],"replies":[{"embeddable":true,"href":"http:\/\/www.cgt-hopital-manosque.fr\/index.php?rest_route=%2Fwp%2Fv2%2Fcomments&post=4487"}],"version-history":[{"count":3,"href":"http:\/\/www.cgt-hopital-manosque.fr\/index.php?rest_route=\/wp\/v2\/posts\/4487\/revisions"}],"predecessor-version":[{"id":4492,"href":"http:\/\/www.cgt-hopital-manosque.fr\/index.php?rest_route=\/wp\/v2\/posts\/4487\/revisions\/4492"}],"wp:attachment":[{"href":"http:\/\/www.cgt-hopital-manosque.fr\/index.php?rest_route=%2Fwp%2Fv2%2Fmedia&parent=4487"}],"wp:term":[{"taxonomy":"category","embeddable":true,"href":"http:\/\/www.cgt-hopital-manosque.fr\/index.php?rest_route=%2Fwp%2Fv2%2Fcategories&post=4487"},{"taxonomy":"post_tag","embeddable":true,"href":"http:\/\/www.cgt-hopital-manosque.fr\/index.php?rest_route=%2Fwp%2Fv2%2Ftags&post=4487"}],"curies":[{"name":"wp","href":"https:\/\/api.w.org\/{rel}","templated":true}]}}