{"id":452,"date":"2012-06-10T12:29:52","date_gmt":"2012-06-10T12:29:52","guid":{"rendered":"http:\/\/www.cgt-hopital-manosque.fr\/?p=452"},"modified":"2013-09-02T13:34:16","modified_gmt":"2013-09-02T13:34:16","slug":"11-juin-2012-la-cgt-demande-une-nouvelle-fois-la-suppression-de-loni","status":"publish","type":"post","link":"http:\/\/www.cgt-hopital-manosque.fr\/?p=452","title":{"rendered":"11 juin 2012 &#8211; La CGT demande une nouvelle fois la suppression de l&rsquo;ONI"},"content":{"rendered":"<p>La CGT (du centre hospitalier de Manosque et du d\u00e9partement du 04) est mobilis\u00e9e plus que jamais, contre l&rsquo;ordre national infirmier. Elle n&rsquo;a cess\u00e9 d&rsquo;informer, de rassurer et de d\u00e9fendre les infirmi\u00e8res contre ce racket organis\u00e9, appelant \u00e0 de nombreuses reprises au boycott de cette instance ill\u00e9gitime. Nous avons adress\u00e9 fin mai un courrier (dont vous trouverez le d\u00e9tail ci-dessous) au Premier Ministre, ainsi qu&rsquo;\u00e0 la Ministre de la Sant\u00e9.<\/p>\n<p>Pour voir le courrier, <strong><a href='http:\/\/www.cgt-hopital-manosque.fr\/wp-content\/uploads\/2012\/06\/Courrier-de-la-CGT-Sante-04-sur-lONI.pdf'>cliquer ici<\/a><\/strong><\/p>\n","protected":false},"excerpt":{"rendered":"<p>La CGT (du centre hospitalier de Manosque et du d\u00e9partement du 04) est mobilis\u00e9e plus que jamais, contre l&rsquo;ordre national infirmier. Elle n&rsquo;a cess\u00e9 d&rsquo;informer, de rassurer et de d\u00e9fendre les infirmi\u00e8res contre ce racket organis\u00e9, appelant \u00e0 de nombreuses reprises au boycott de cette instance ill\u00e9gitime. Nous avons adress\u00e9 fin mai un courrier (dont [&hellip;]<\/p>\n","protected":false},"author":1,"featured_media":0,"comment_status":"closed","ping_status":"open","sticky":false,"template":"","format":"standard","meta":{"footnotes":""},"categories":[7],"tags":[],"views":2555,"_links":{"self":[{"href":"http:\/\/www.cgt-hopital-manosque.fr\/index.php?rest_route=\/wp\/v2\/posts\/452"}],"collection":[{"href":"http:\/\/www.cgt-hopital-manosque.fr\/index.php?rest_route=\/wp\/v2\/posts"}],"about":[{"href":"http:\/\/www.cgt-hopital-manosque.fr\/index.php?rest_route=\/wp\/v2\/types\/post"}],"author":[{"embeddable":true,"href":"http:\/\/www.cgt-hopital-manosque.fr\/index.php?rest_route=\/wp\/v2\/users\/1"}],"replies":[{"embeddable":true,"href":"http:\/\/www.cgt-hopital-manosque.fr\/index.php?rest_route=%2Fwp%2Fv2%2Fcomments&post=452"}],"version-history":[{"count":14,"href":"http:\/\/www.cgt-hopital-manosque.fr\/index.php?rest_route=\/wp\/v2\/posts\/452\/revisions"}],"predecessor-version":[{"id":1604,"href":"http:\/\/www.cgt-hopital-manosque.fr\/index.php?rest_route=\/wp\/v2\/posts\/452\/revisions\/1604"}],"wp:attachment":[{"href":"http:\/\/www.cgt-hopital-manosque.fr\/index.php?rest_route=%2Fwp%2Fv2%2Fmedia&parent=452"}],"wp:term":[{"taxonomy":"category","embeddable":true,"href":"http:\/\/www.cgt-hopital-manosque.fr\/index.php?rest_route=%2Fwp%2Fv2%2Fcategories&post=452"},{"taxonomy":"post_tag","embeddable":true,"href":"http:\/\/www.cgt-hopital-manosque.fr\/index.php?rest_route=%2Fwp%2Fv2%2Ftags&post=452"}],"curies":[{"name":"wp","href":"https:\/\/api.w.org\/{rel}","templated":true}]}}