{"id":4522,"date":"2016-10-11T16:14:24","date_gmt":"2016-10-11T16:14:24","guid":{"rendered":"http:\/\/www.cgt-hopital-manosque.fr\/?p=4522"},"modified":"2016-10-23T14:13:30","modified_gmt":"2016-10-23T14:13:30","slug":"11-octobre-une-degradation-des-conditions-de-travail-a-lhopital-article-du-journal-la-provence","status":"publish","type":"post","link":"http:\/\/www.cgt-hopital-manosque.fr\/?p=4522","title":{"rendered":"11 octobre &#8211; Une d\u00e9gradation des  conditions de travail \u00e0 l&rsquo;h\u00f4pital (Article du journal La Provence)"},"content":{"rendered":"<p><a href=\"http:\/\/www.cgt-hopital-manosque.fr\/wp-content\/uploads\/2016\/10\/744.-Conditions-de-travail-h\u00f4pital-CGT-04.jpg\"><img loading=\"lazy\" decoding=\"async\" src=\"http:\/\/www.cgt-hopital-manosque.fr\/wp-content\/uploads\/2016\/10\/744.-Conditions-de-travail-h\u00f4pital-CGT-04.jpg\" alt=\"conditions de travail h\u00f4pital CGT 04\" width=\"1153\" height=\"2477\" class=\"aligncenter size-full wp-image-4523\" srcset=\"http:\/\/www.cgt-hopital-manosque.fr\/wp-content\/uploads\/2016\/10\/744.-Conditions-de-travail-h\u00f4pital-CGT-04.jpg 1153w, http:\/\/www.cgt-hopital-manosque.fr\/wp-content\/uploads\/2016\/10\/744.-Conditions-de-travail-h\u00f4pital-CGT-04-140x300.jpg 140w, http:\/\/www.cgt-hopital-manosque.fr\/wp-content\/uploads\/2016\/10\/744.-Conditions-de-travail-h\u00f4pital-CGT-04-477x1024.jpg 477w\" sizes=\"(max-width: 1153px) 100vw, 1153px\" \/><\/a><\/p>\n<p style= \"text-align: justify;\"><strong> POUR CONSULTER NOTRE DOSSIER COMPLET SUR LES GHT (AVEC LES DIFFERENTS ARTICLES ET TRACTS), <a href=\"http:\/\/www.cgt-hopital-manosque.fr\/?p=4236\" target=\"_blank\">CLIQUER ICI<\/a><\/strong><\/p>\n","protected":false},"excerpt":{"rendered":"<p>POUR CONSULTER NOTRE DOSSIER COMPLET SUR LES GHT (AVEC LES DIFFERENTS ARTICLES ET TRACTS), CLIQUER ICI<\/p>\n","protected":false},"author":1,"featured_media":0,"comment_status":"closed","ping_status":"closed","sticky":false,"template":"","format":"standard","meta":{"footnotes":""},"categories":[7],"tags":[],"views":2108,"_links":{"self":[{"href":"http:\/\/www.cgt-hopital-manosque.fr\/index.php?rest_route=\/wp\/v2\/posts\/4522"}],"collection":[{"href":"http:\/\/www.cgt-hopital-manosque.fr\/index.php?rest_route=\/wp\/v2\/posts"}],"about":[{"href":"http:\/\/www.cgt-hopital-manosque.fr\/index.php?rest_route=\/wp\/v2\/types\/post"}],"author":[{"embeddable":true,"href":"http:\/\/www.cgt-hopital-manosque.fr\/index.php?rest_route=\/wp\/v2\/users\/1"}],"replies":[{"embeddable":true,"href":"http:\/\/www.cgt-hopital-manosque.fr\/index.php?rest_route=%2Fwp%2Fv2%2Fcomments&post=4522"}],"version-history":[{"count":2,"href":"http:\/\/www.cgt-hopital-manosque.fr\/index.php?rest_route=\/wp\/v2\/posts\/4522\/revisions"}],"predecessor-version":[{"id":4550,"href":"http:\/\/www.cgt-hopital-manosque.fr\/index.php?rest_route=\/wp\/v2\/posts\/4522\/revisions\/4550"}],"wp:attachment":[{"href":"http:\/\/www.cgt-hopital-manosque.fr\/index.php?rest_route=%2Fwp%2Fv2%2Fmedia&parent=4522"}],"wp:term":[{"taxonomy":"category","embeddable":true,"href":"http:\/\/www.cgt-hopital-manosque.fr\/index.php?rest_route=%2Fwp%2Fv2%2Fcategories&post=4522"},{"taxonomy":"post_tag","embeddable":true,"href":"http:\/\/www.cgt-hopital-manosque.fr\/index.php?rest_route=%2Fwp%2Fv2%2Ftags&post=4522"}],"curies":[{"name":"wp","href":"https:\/\/api.w.org\/{rel}","templated":true}]}}