{"id":4526,"date":"2016-10-23T10:00:17","date_gmt":"2016-10-23T10:00:17","guid":{"rendered":"http:\/\/www.cgt-hopital-manosque.fr\/?p=4526"},"modified":"2016-10-23T10:00:17","modified_gmt":"2016-10-23T10:00:17","slug":"20-octobre-2016-les-cahiers-de-la-vie-federale-doctobre-2016-special-categorie-c","status":"publish","type":"post","link":"http:\/\/www.cgt-hopital-manosque.fr\/?p=4526","title":{"rendered":"20 octobre 2016 &#8211; Les Cahiers de la Vie F\u00e9d\u00e9rale d&rsquo;octobre 2016 &#8211; Sp\u00e9cial cat\u00e9gorie C"},"content":{"rendered":"<p><a href=\"http:\/\/www.cgt-hopital-manosque.fr\/wp-content\/uploads\/2016\/10\/745.-Cat\u00e9gorie-C-FPH-CGT.jpg\"><img loading=\"lazy\" decoding=\"async\" src=\"http:\/\/www.cgt-hopital-manosque.fr\/wp-content\/uploads\/2016\/10\/745.-Cat\u00e9gorie-C-FPH-CGT.jpg\" alt=\"Droits agents cat\u00e9gorie C FPH CGT\" width=\"631\" height=\"901\" class=\"aligncenter size-full wp-image-4527\" srcset=\"http:\/\/www.cgt-hopital-manosque.fr\/wp-content\/uploads\/2016\/10\/745.-Cat\u00e9gorie-C-FPH-CGT.jpg 631w, http:\/\/www.cgt-hopital-manosque.fr\/wp-content\/uploads\/2016\/10\/745.-Cat\u00e9gorie-C-FPH-CGT-210x300.jpg 210w\" sizes=\"(max-width: 631px) 100vw, 631px\" \/><\/a><\/p>\n<p style= \"text-align: justify;\">Edito :<br \/>\n&#8211; \u00c9tat d\u2019urgence ou \u00e9tat des urgences ? <\/p>\n<p style= \"text-align: justify;\">Au sommaire :<br \/>\n&#8211; Salaires des cat\u00e9gories C de la Fonction Publique Hospitali\u00e8re<br \/>\n&#8211; Contractuels de cat\u00e9gorie C : des droits et une exigence, l\u2019acc\u00e8s au statut !<br \/>\n&#8211; Contractuels, exigeons ensemble l\u2019acc\u00e8s \u00e0 la titularisation !<br \/>\n&#8211; Urgences dans les SAMU-SMUR <\/p>\n<p><strong>POUR CONSULTER LE DOCUMENT, <a href=\"http:\/\/www.cgt-hopital-manosque.fr\/wp-content\/uploads\/2016\/10\/745.-CVF-CGT-Cat\u00e9gorie-C-FPH.pdf\">CLIQUER ICI<\/a><\/strong><\/p>\n","protected":false},"excerpt":{"rendered":"<p>Edito : &#8211; \u00c9tat d\u2019urgence ou \u00e9tat des urgences ? Au sommaire : &#8211; Salaires des cat\u00e9gories C de la Fonction Publique Hospitali\u00e8re &#8211; Contractuels de cat\u00e9gorie C : des droits et une exigence, l\u2019acc\u00e8s au statut ! &#8211; Contractuels, exigeons ensemble l\u2019acc\u00e8s \u00e0 la titularisation ! &#8211; Urgences dans les SAMU-SMUR POUR CONSULTER LE [&hellip;]<\/p>\n","protected":false},"author":1,"featured_media":0,"comment_status":"closed","ping_status":"closed","sticky":false,"template":"","format":"standard","meta":{"footnotes":""},"categories":[8],"tags":[],"views":1923,"_links":{"self":[{"href":"http:\/\/www.cgt-hopital-manosque.fr\/index.php?rest_route=\/wp\/v2\/posts\/4526"}],"collection":[{"href":"http:\/\/www.cgt-hopital-manosque.fr\/index.php?rest_route=\/wp\/v2\/posts"}],"about":[{"href":"http:\/\/www.cgt-hopital-manosque.fr\/index.php?rest_route=\/wp\/v2\/types\/post"}],"author":[{"embeddable":true,"href":"http:\/\/www.cgt-hopital-manosque.fr\/index.php?rest_route=\/wp\/v2\/users\/1"}],"replies":[{"embeddable":true,"href":"http:\/\/www.cgt-hopital-manosque.fr\/index.php?rest_route=%2Fwp%2Fv2%2Fcomments&post=4526"}],"version-history":[{"count":1,"href":"http:\/\/www.cgt-hopital-manosque.fr\/index.php?rest_route=\/wp\/v2\/posts\/4526\/revisions"}],"predecessor-version":[{"id":4529,"href":"http:\/\/www.cgt-hopital-manosque.fr\/index.php?rest_route=\/wp\/v2\/posts\/4526\/revisions\/4529"}],"wp:attachment":[{"href":"http:\/\/www.cgt-hopital-manosque.fr\/index.php?rest_route=%2Fwp%2Fv2%2Fmedia&parent=4526"}],"wp:term":[{"taxonomy":"category","embeddable":true,"href":"http:\/\/www.cgt-hopital-manosque.fr\/index.php?rest_route=%2Fwp%2Fv2%2Fcategories&post=4526"},{"taxonomy":"post_tag","embeddable":true,"href":"http:\/\/www.cgt-hopital-manosque.fr\/index.php?rest_route=%2Fwp%2Fv2%2Ftags&post=4526"}],"curies":[{"name":"wp","href":"https:\/\/api.w.org\/{rel}","templated":true}]}}