{"id":4536,"date":"2016-10-23T10:16:58","date_gmt":"2016-10-23T10:16:58","guid":{"rendered":"http:\/\/www.cgt-hopital-manosque.fr\/?p=4536"},"modified":"2016-10-23T10:17:42","modified_gmt":"2016-10-23T10:17:42","slug":"22-octobre-2016-le-collectif-pour-une-reanimation-a-manosque-est-pret-a-repartir-au-combat-article-du-journal-la-provence","status":"publish","type":"post","link":"http:\/\/www.cgt-hopital-manosque.fr\/?p=4536","title":{"rendered":"22 octobre 2016 &#8211; Le Collectif pour une r\u00e9animation \u00e0 Manosque est pr\u00eat \u00e0 repartir au combat (article du journal La Provence)"},"content":{"rendered":"<p><a href=\"http:\/\/www.cgt-hopital-manosque.fr\/wp-content\/uploads\/2016\/10\/747.-La-Provence-Collectif-R\u00e9animation-Manosque.jpg\"><img loading=\"lazy\" decoding=\"async\" src=\"http:\/\/www.cgt-hopital-manosque.fr\/wp-content\/uploads\/2016\/10\/747.-La-Provence-Collectif-R\u00e9animation-Manosque.jpg\" alt=\"Collectif pour une r\u00e9animation \u00e0 Manosque\" width=\"2226\" height=\"2659\" class=\"aligncenter size-full wp-image-4537\" srcset=\"http:\/\/www.cgt-hopital-manosque.fr\/wp-content\/uploads\/2016\/10\/747.-La-Provence-Collectif-R\u00e9animation-Manosque.jpg 2226w, http:\/\/www.cgt-hopital-manosque.fr\/wp-content\/uploads\/2016\/10\/747.-La-Provence-Collectif-R\u00e9animation-Manosque-251x300.jpg 251w, http:\/\/www.cgt-hopital-manosque.fr\/wp-content\/uploads\/2016\/10\/747.-La-Provence-Collectif-R\u00e9animation-Manosque-857x1024.jpg 857w\" sizes=\"(max-width: 2226px) 100vw, 2226px\" \/><\/a><\/p>\n<p><strong>Pour consulter l&rsquo;article, <a href=\"http:\/\/www.cgt-hopital-manosque.fr\/wp-content\/uploads\/2016\/10\/747.-La-Provence-Collectif-R\u00e9animation-Manosque.pdf\">CLIQUER ICI<\/a><\/strong><\/p>\n","protected":false},"excerpt":{"rendered":"<p>Pour consulter l&rsquo;article, CLIQUER ICI<\/p>\n","protected":false},"author":1,"featured_media":0,"comment_status":"closed","ping_status":"closed","sticky":false,"template":"","format":"standard","meta":{"footnotes":""},"categories":[4],"tags":[],"views":1568,"_links":{"self":[{"href":"http:\/\/www.cgt-hopital-manosque.fr\/index.php?rest_route=\/wp\/v2\/posts\/4536"}],"collection":[{"href":"http:\/\/www.cgt-hopital-manosque.fr\/index.php?rest_route=\/wp\/v2\/posts"}],"about":[{"href":"http:\/\/www.cgt-hopital-manosque.fr\/index.php?rest_route=\/wp\/v2\/types\/post"}],"author":[{"embeddable":true,"href":"http:\/\/www.cgt-hopital-manosque.fr\/index.php?rest_route=\/wp\/v2\/users\/1"}],"replies":[{"embeddable":true,"href":"http:\/\/www.cgt-hopital-manosque.fr\/index.php?rest_route=%2Fwp%2Fv2%2Fcomments&post=4536"}],"version-history":[{"count":1,"href":"http:\/\/www.cgt-hopital-manosque.fr\/index.php?rest_route=\/wp\/v2\/posts\/4536\/revisions"}],"predecessor-version":[{"id":4539,"href":"http:\/\/www.cgt-hopital-manosque.fr\/index.php?rest_route=\/wp\/v2\/posts\/4536\/revisions\/4539"}],"wp:attachment":[{"href":"http:\/\/www.cgt-hopital-manosque.fr\/index.php?rest_route=%2Fwp%2Fv2%2Fmedia&parent=4536"}],"wp:term":[{"taxonomy":"category","embeddable":true,"href":"http:\/\/www.cgt-hopital-manosque.fr\/index.php?rest_route=%2Fwp%2Fv2%2Fcategories&post=4536"},{"taxonomy":"post_tag","embeddable":true,"href":"http:\/\/www.cgt-hopital-manosque.fr\/index.php?rest_route=%2Fwp%2Fv2%2Ftags&post=4536"}],"curies":[{"name":"wp","href":"https:\/\/api.w.org\/{rel}","templated":true}]}}