{"id":4556,"date":"2016-10-26T18:51:45","date_gmt":"2016-10-26T18:51:45","guid":{"rendered":"http:\/\/www.cgt-hopital-manosque.fr\/?p=4556"},"modified":"2016-10-30T16:11:42","modified_gmt":"2016-10-30T16:11:42","slug":"27-octobre-2016-les-richesses-existent-pour-se-soigner-tous","status":"publish","type":"post","link":"http:\/\/www.cgt-hopital-manosque.fr\/?p=4556","title":{"rendered":"27 octobre 2016 &#8211; Les richesses existent pour se soigner tous"},"content":{"rendered":"<p><a href=\"http:\/\/www.cgt-hopital-manosque.fr\/wp-content\/uploads\/2016\/10\/750.-Affiche-CGT-manif-8-novembre-2016.jpg\"><img loading=\"lazy\" decoding=\"async\" src=\"http:\/\/www.cgt-hopital-manosque.fr\/wp-content\/uploads\/2016\/10\/750.-Affiche-CGT-manif-8-novembre-2016.jpg\" alt=\"750-affiche-cgt-manif-8-novembre-2016\" width=\"406\" height=\"599\" class=\"aligncenter size-full wp-image-4557\" srcset=\"http:\/\/www.cgt-hopital-manosque.fr\/wp-content\/uploads\/2016\/10\/750.-Affiche-CGT-manif-8-novembre-2016.jpg 406w, http:\/\/www.cgt-hopital-manosque.fr\/wp-content\/uploads\/2016\/10\/750.-Affiche-CGT-manif-8-novembre-2016-203x300.jpg 203w\" sizes=\"(max-width: 406px) 100vw, 406px\" \/><\/a><\/p>\n<p style= \"text-align: justify;\">Le d\u00e9bat parlementaire sur le financement de la s\u00e9curit\u00e9 sociale est engag\u00e9. <\/p>\n<p style= \"text-align: justify;\">La ministre de la sant\u00e9 s\u2019est donn\u00e9e pour feuille de route de r\u00e9duire le d\u00e9ficit de la s\u00e9cu et cela au d\u00e9triment de la sant\u00e9 des populations. <\/p>\n<p style= \"text-align: justify;\">Pour les prochaines ann\u00e9es, ce sont d\u2019ores et d\u00e9j\u00e0 22000 suppressions d\u2019emplois qui sont programm\u00e9es dans les h\u00f4pitaux, 16000 lits directement menac\u00e9s. Les fermetures de services vont s\u2019acc\u00e9l\u00e9rer avec la mise en place des Groupements Hospitaliers de Territoire, outils de \u00ab rationalisation \u00bb des moyens. Cela va profond\u00e9ment modifier le paysage hospitalier de demain en rayant de la carte un certain nombre d\u2019h\u00f4pitaux de proximit\u00e9\u2026 un impact direct sur toute la population. <\/p>\n<p style= \"text-align: justify;\">Ce n\u2019est pas sans cons\u00e9quences sur la qualit\u00e9 du travail des personnels de sant\u00e9 et de la S\u00e9curit\u00e9 Sociale, soumis \u00e0 un harc\u00e8lement permanent pour tenir les objectifs financiers fix\u00e9s par la Ministre. Concr\u00e8tement on assiste \u00e0 une d\u00e9gradation des conditions de travail, de la qualit\u00e9 des soins pour les patients. De plus en plus les personnels, des \u00e9quipes enti\u00e8res ont le sentiment de ne pas faire correctement leur travail, ce qui provoque une frustration amenant beaucoup de d\u00e9tresses professionnelles provoquant m\u00eame des suicides. <\/p>\n<p style= \"text-align: justify;\">La politique du gouvernement n\u2019est pas acceptable et doit \u00eatre confront\u00e9e \u00e0 la r\u00e9alit\u00e9 : <\/p>\n<p style= \"text-align: justify;\">Des malades qui restent des heures voire des jours aux urgences faute de lits, \u2026 des malades oblig\u00e9s de faire plusieurs heures de route chaque jour pour leurs s\u00e9ances de radioth\u00e9rapie, des malades amen\u00e9s \u00e0 rentrer chez eux avant d\u2019\u00eatre r\u00e9tablis pour lib\u00e9rer la place\u2026. <\/p>\n<p style= \"text-align: justify;\">Aujourd\u2019hui, il devient fr\u00e9quent de ne plus pouvoir se faire soigner \u00e0 l\u2019h\u00f4pital public, de renoncer aux soins parce qu\u2019ils sont trop couteux et que la malheureuse mutuelle ne fait pas l\u2019affaire car on l\u2019a pris en fonction de ses moyens et pas de ses besoins\u2026sachant que certains n\u2019en n\u2019ont m\u00eame pas. <\/p>\n<p style= \"text-align: justify;\">Il est temps d\u2019agir : <\/p>\n<p style= \"text-align: justify;\">Nous avons besoin de maternit\u00e9s, de services d\u2019urgences, d\u2019h\u00f4pitaux de proximit\u00e9 avec des personnels en nombre suffisants, form\u00e9s et en capacit\u00e9 de prendre soins des malades. <\/p>\n<p style= \"text-align: justify;\">Il faut supprimer les d\u00e9passements d\u2019honoraires, la r\u00e9mun\u00e9ration \u00e0 l\u2019acte, les franchises m\u00e9dicales et instaurer un niveau de remboursement int\u00e9gral des frais de sant\u00e9. <\/p>\n<p style= \"text-align: justify;\">Il faut d\u00e9velopper une politique de pr\u00e9vention solide et durable en commen\u00e7ant par la lutte contre le mal travail. <\/p>\n<p style= \"text-align: justify;\">Il faut prendre des mesures rapides pour permettre une couverture m\u00e9dicale sur l\u2019ensemble du territoire m\u00eame dans les zones les plus recul\u00e9es o\u00f9 les plus modestes avec le d\u00e9veloppement de centres de sant\u00e9 publics, pluridisciplinaires. <\/p>\n<p style= \"text-align: justify;\">Le droit \u00e0 la sant\u00e9 pour tous est un droit fondamental, il faut faire des d\u00e9penses de sant\u00e9 une priorit\u00e9, notre pays en a les moyens\u2026 Nous le r\u00e9affirmons, c\u2019est une question de choix politique, de justice et d\u2019\u00e9galit\u00e9. <\/p>\n<p style= \"text-align: justify;\">300 milliards de dividendes ont \u00e9t\u00e9 vers\u00e9es aux actionnaires l\u2019an dernier alors que dans le m\u00eame temps c\u2019est 230 milliards d\u2019argent public qui sont donn\u00e9s aux entreprises (exon\u00e9rations cotisations, cr\u00e9dits d\u2019imp\u00f4ts recherche, pacte de responsabilit\u00e9\u2026). La CGT ne cessera d\u2019exiger une autre r\u00e9partition des richesses, pour plus de justice sociale. <\/p>\n<p style= \"text-align: justify;\">Les salari\u00e9s du secteur de la sant\u00e9 et des organismes sociaux sont appel\u00e9s \u00e0 se mobiliser le 8 novembre prochain. <\/p>\n<p style= \"text-align: justify;\">La CGT appelle l\u2019ensemble de ses organisations \u00e0 cr\u00e9er les conditions de la r\u00e9ussite de cette mobilisation, le droit \u00e0 la sant\u00e9 doit \u00eatre un droit pour tous les salari\u00e9s, pour toute la population de ce pays, <\/p>\n<p style= \"text-align: justify;\">Tous ensemble, mobilisons-nous le 8 novembre partout en France. <\/p>\n<p style= \"text-align: justify;\">D\u00e9claration Conf\u00e9d\u00e9rale<br \/>\nMontreuil le 25 octobre 2016. <\/p>\n<p style= \"text-align: justify;\"><strong> POUR CONSULTER NOTRE DOSSIER COMPLET SUR LES GHT (AVEC LES DIFFERENTS ARTICLES ET TRACTS), <a href=\"http:\/\/www.cgt-hopital-manosque.fr\/?p=4236\" target=\"_blank\">CLIQUER ICI<\/a><\/strong><\/p>\n","protected":false},"excerpt":{"rendered":"<p>Le d\u00e9bat parlementaire sur le financement de la s\u00e9curit\u00e9 sociale est engag\u00e9. La ministre de la sant\u00e9 s\u2019est donn\u00e9e pour feuille de route de r\u00e9duire le d\u00e9ficit de la s\u00e9cu et cela au d\u00e9triment de la sant\u00e9 des populations. Pour les prochaines ann\u00e9es, ce sont d\u2019ores et d\u00e9j\u00e0 22000 suppressions d\u2019emplois qui sont programm\u00e9es dans [&hellip;]<\/p>\n","protected":false},"author":1,"featured_media":0,"comment_status":"closed","ping_status":"closed","sticky":false,"template":"","format":"standard","meta":{"footnotes":""},"categories":[7],"tags":[],"views":2222,"_links":{"self":[{"href":"http:\/\/www.cgt-hopital-manosque.fr\/index.php?rest_route=\/wp\/v2\/posts\/4556"}],"collection":[{"href":"http:\/\/www.cgt-hopital-manosque.fr\/index.php?rest_route=\/wp\/v2\/posts"}],"about":[{"href":"http:\/\/www.cgt-hopital-manosque.fr\/index.php?rest_route=\/wp\/v2\/types\/post"}],"author":[{"embeddable":true,"href":"http:\/\/www.cgt-hopital-manosque.fr\/index.php?rest_route=\/wp\/v2\/users\/1"}],"replies":[{"embeddable":true,"href":"http:\/\/www.cgt-hopital-manosque.fr\/index.php?rest_route=%2Fwp%2Fv2%2Fcomments&post=4556"}],"version-history":[{"count":2,"href":"http:\/\/www.cgt-hopital-manosque.fr\/index.php?rest_route=\/wp\/v2\/posts\/4556\/revisions"}],"predecessor-version":[{"id":4567,"href":"http:\/\/www.cgt-hopital-manosque.fr\/index.php?rest_route=\/wp\/v2\/posts\/4556\/revisions\/4567"}],"wp:attachment":[{"href":"http:\/\/www.cgt-hopital-manosque.fr\/index.php?rest_route=%2Fwp%2Fv2%2Fmedia&parent=4556"}],"wp:term":[{"taxonomy":"category","embeddable":true,"href":"http:\/\/www.cgt-hopital-manosque.fr\/index.php?rest_route=%2Fwp%2Fv2%2Fcategories&post=4556"},{"taxonomy":"post_tag","embeddable":true,"href":"http:\/\/www.cgt-hopital-manosque.fr\/index.php?rest_route=%2Fwp%2Fv2%2Ftags&post=4556"}],"curies":[{"name":"wp","href":"https:\/\/api.w.org\/{rel}","templated":true}]}}