{"id":4559,"date":"2016-10-30T13:15:10","date_gmt":"2016-10-30T13:15:10","guid":{"rendered":"http:\/\/www.cgt-hopital-manosque.fr\/?p=4559"},"modified":"2016-10-30T16:12:02","modified_gmt":"2016-10-30T16:12:02","slug":"29-octobre-2016-rassemblement-le-mardi-8-novembre-a-11h00-devant-la-prefecture-de-digne-les-bains","status":"publish","type":"post","link":"http:\/\/www.cgt-hopital-manosque.fr\/?p=4559","title":{"rendered":"29 octobre 2016 &#8211; Rassemblement le mardi 8 novembre \u00e0 11h00 devant la Pr\u00e9fecture de Digne les Bains"},"content":{"rendered":"<p style= \"text-align: justify;\">La situation de la famille Duranton \u00e0 Reillane est assez r\u00e9v\u00e9latrice du m\u00e9pris des pouvoirs publics vis \u00e0 vis des citoyens. Leur fille Mathilde, 22 ans, handicap\u00e9e, porteuse d\u2019une maladie d\u00e9g\u00e9n\u00e9rative, une enc\u00e9phalomyopathie mitochondriale, attend depuis 4 ans une place dans un lieu de vie d\u00e9di\u00e9 aux adultes handicap\u00e9s, une Maison d\u2019Accueil Sp\u00e9cialis\u00e9e. c&rsquo;est purement scandaleux ! <\/p>\n<p style= \"text-align: justify;\">Les domaines de la sant\u00e9, du m\u00e9dico-social, du social et plus globalement de l&rsquo;ensemble de la protection sociale (CAF, S\u00e9cu, P\u00f4le Emploi, CARSAT&#8230;) connaissent une mont\u00e9e en puissance des attaques qui leur sont port\u00e9es, et tout particuli\u00e8rement dans le 04 o\u00f9 les populations sont consid\u00e9r\u00e9s comme des sous-citoyens. <\/p>\n<p style= \"text-align: justify;\">Leurs attaques avancent sur deux jambes. La premi\u00e8re porte le nom de restructurations \u00e0 outrance, la seconde jambe celle de coupes budg\u00e9taires \u00e0 r\u00e9p\u00e9tition et inhumaines. Dans ce cadre, le service rendu aux usagers ou les conditions de travail ne sont que de simples variables d&rsquo;ajustement. Mieux vaut aujourd&rsquo;hui ne pas \u00eatre gravement malades quand on habite dans le 04, mieux vaut de ne pas \u00eatre \u00e2g\u00e9, mieux vaut ne pas avoir besoin d&rsquo;un ophtalmologiste, mieux vaut ne pas avoir de probl\u00e8mes d&rsquo;handicap, mieux vaut ne pas perdre son emploi&#8230; <\/p>\n<p style= \"text-align: justify;\">Pourtant, cela ne leur suffit pas puisqu&rsquo;ils ont d\u00e9cid\u00e9 de passer \u00e0 la vitesse sup\u00e9rieure. La mise en place des GHT (groupements hospitaliers de territoire) comme le projet de loi de financement de la s\u00e9curit\u00e9 sociale qui sera vot\u00e9 le 20 novembre sont de v\u00e9ritables insultes aux populations et montrent clairement leur volont\u00e9 de durcir le ton et d&rsquo;en finir avec notre syst\u00e8me de protection sociale qui \u00e9tait l&rsquo;un des meilleurs du monde il y a encore quelques ann\u00e9es. <\/p>\n<p style= \"text-align: justify;\">La riposte doit \u00e9galement monter d&rsquo;un ton !<br \/>\nFace \u00e0 cette attaque globale, la riposte doit \u00eatre globale !<br \/>\nSant\u00e9, Social, Organismes sociaux&#8230;nous sommes tous dans le m\u00eame bateau. Cela ne concerne pas que les professionnels mais bien l&rsquo;ensemble des citoyens qui financent le syst\u00e8me et en sont \u00e9galement usagers. <\/p>\n<p style= \"text-align: justify;\">Nous devons agir syst\u00e9matiquement de mani\u00e8re concr\u00e8te et percutante !<br \/>\nUn nouveau processus de lutte se met en place, la premi\u00e8re \u00e9tape est le 8 novembre, il ne faut pas le rater. Dans chaque d\u00e9partement de la r\u00e9gion des actions sont pr\u00e9vues. <\/p>\n<p style= \"text-align: justify;\">Nous exigeons que la priorit\u00e9 soit donn\u00e9e au budget de la s\u00e9curit\u00e9 sociale afin de satisfaire aux besoins de la population en mati\u00e8re d\u2019acc\u00e8s aux soins et aux services sociaux. <\/p>\n<p style= \"text-align: justify;\">En cons\u00e9quence, la journ\u00e9e de gr\u00e8ve nationale du 8 novembre (\u00e0 l&rsquo;appel des syndicats CGT, FO et SUD) marque le d\u00e9but d&rsquo;une bataille qui est partie pour durer dans le temps. C\u2019est par la gr\u00e8ve et la manifestation qu\u2019on pourra les faire reculer et faire avancer nos propositions. <\/p>\n<ol>\n<p style= \"text-align: justify;\"><strong>NOUS COMPTONS SUR LA PRESENCE DE CHACUN<br \/>\nLE MARDI 8 NOVEMBRE A 11H00<br \/>\nRASSEMBLEMENT DEVANT LA PREFECTURE<br \/>\nA DIGNE LES BAINS <\/strong><\/p>\n<\/ol>\n<p style= \"text-align: justify;\"><strong> POUR CONSULTER NOTRE DOSSIER COMPLET SUR LES GHT (AVEC LES DIFFERENTS ARTICLES ET TRACTS), <a href=\"http:\/\/www.cgt-hopital-manosque.fr\/?p=4236\" target=\"_blank\">CLIQUER ICI<\/a><\/strong><\/p>\n","protected":false},"excerpt":{"rendered":"<p>La situation de la famille Duranton \u00e0 Reillane est assez r\u00e9v\u00e9latrice du m\u00e9pris des pouvoirs publics vis \u00e0 vis des citoyens. Leur fille Mathilde, 22 ans, handicap\u00e9e, porteuse d\u2019une maladie d\u00e9g\u00e9n\u00e9rative, une enc\u00e9phalomyopathie mitochondriale, attend depuis 4 ans une place dans un lieu de vie d\u00e9di\u00e9 aux adultes handicap\u00e9s, une Maison d\u2019Accueil Sp\u00e9cialis\u00e9e. c&rsquo;est purement [&hellip;]<\/p>\n","protected":false},"author":1,"featured_media":0,"comment_status":"closed","ping_status":"closed","sticky":false,"template":"","format":"standard","meta":{"footnotes":""},"categories":[7],"tags":[],"views":2194,"_links":{"self":[{"href":"http:\/\/www.cgt-hopital-manosque.fr\/index.php?rest_route=\/wp\/v2\/posts\/4559"}],"collection":[{"href":"http:\/\/www.cgt-hopital-manosque.fr\/index.php?rest_route=\/wp\/v2\/posts"}],"about":[{"href":"http:\/\/www.cgt-hopital-manosque.fr\/index.php?rest_route=\/wp\/v2\/types\/post"}],"author":[{"embeddable":true,"href":"http:\/\/www.cgt-hopital-manosque.fr\/index.php?rest_route=\/wp\/v2\/users\/1"}],"replies":[{"embeddable":true,"href":"http:\/\/www.cgt-hopital-manosque.fr\/index.php?rest_route=%2Fwp%2Fv2%2Fcomments&post=4559"}],"version-history":[{"count":3,"href":"http:\/\/www.cgt-hopital-manosque.fr\/index.php?rest_route=\/wp\/v2\/posts\/4559\/revisions"}],"predecessor-version":[{"id":4568,"href":"http:\/\/www.cgt-hopital-manosque.fr\/index.php?rest_route=\/wp\/v2\/posts\/4559\/revisions\/4568"}],"wp:attachment":[{"href":"http:\/\/www.cgt-hopital-manosque.fr\/index.php?rest_route=%2Fwp%2Fv2%2Fmedia&parent=4559"}],"wp:term":[{"taxonomy":"category","embeddable":true,"href":"http:\/\/www.cgt-hopital-manosque.fr\/index.php?rest_route=%2Fwp%2Fv2%2Fcategories&post=4559"},{"taxonomy":"post_tag","embeddable":true,"href":"http:\/\/www.cgt-hopital-manosque.fr\/index.php?rest_route=%2Fwp%2Fv2%2Ftags&post=4559"}],"curies":[{"name":"wp","href":"https:\/\/api.w.org\/{rel}","templated":true}]}}