{"id":4562,"date":"2016-10-30T13:23:15","date_gmt":"2016-10-30T13:23:15","guid":{"rendered":"http:\/\/www.cgt-hopital-manosque.fr\/?p=4562"},"modified":"2016-10-30T16:12:13","modified_gmt":"2016-10-30T16:12:13","slug":"30-octobre-2016-communique-regional-cgt-sante-et-action-sociale-paca-relatif-a-la-mobilisation-du-8-novembre-ght-plfss","status":"publish","type":"post","link":"http:\/\/www.cgt-hopital-manosque.fr\/?p=4562","title":{"rendered":"30 octobre 2016 &#8211; Communiqu\u00e9 r\u00e9gional CGT Sant\u00e9 et Action Sociale PACA relatif \u00e0 la mobilisation du 8 novembre ( GHT, PLFSS&#8230;)"},"content":{"rendered":"<p><a href=\"http:\/\/www.cgt-hopital-manosque.fr\/wp-content\/uploads\/2016\/10\/753.-Communiqu\u00e9-CGT-PACA-GHT-PLFSS.jpg\"><img loading=\"lazy\" decoding=\"async\" src=\"http:\/\/www.cgt-hopital-manosque.fr\/wp-content\/uploads\/2016\/10\/753.-Communiqu\u00e9-CGT-PACA-GHT-PLFSS.jpg\" alt=\"753-communique-cgt-paca-ght-plfss\" width=\"659\" height=\"903\" class=\"aligncenter size-full wp-image-4563\" srcset=\"http:\/\/www.cgt-hopital-manosque.fr\/wp-content\/uploads\/2016\/10\/753.-Communiqu\u00e9-CGT-PACA-GHT-PLFSS.jpg 659w, http:\/\/www.cgt-hopital-manosque.fr\/wp-content\/uploads\/2016\/10\/753.-Communiqu\u00e9-CGT-PACA-GHT-PLFSS-219x300.jpg 219w\" sizes=\"(max-width: 659px) 100vw, 659px\" \/><\/a><\/p>\n<p><strong>POUR CONSULTER LE COMMUNIQUE, <a href=\"http:\/\/www.cgt-hopital-manosque.fr\/wp-content\/uploads\/2016\/10\/753.-Communiqu\u00e9-CGT-PACA-GHT-PLFSS.pdf\">CLIQUER ICI<\/a><\/strong><\/p>\n<p style= \"text-align: justify;\"><strong> POUR CONSULTER NOTRE DOSSIER COMPLET SUR LES GHT (AVEC LES DIFFERENTS ARTICLES ET TRACTS), <a href=\"http:\/\/www.cgt-hopital-manosque.fr\/?p=4236\" target=\"_blank\">CLIQUER ICI<\/a><\/strong><\/p>\n","protected":false},"excerpt":{"rendered":"<p>POUR CONSULTER LE COMMUNIQUE, CLIQUER ICI POUR CONSULTER NOTRE DOSSIER COMPLET SUR LES GHT (AVEC LES DIFFERENTS ARTICLES ET TRACTS), CLIQUER ICI<\/p>\n","protected":false},"author":1,"featured_media":0,"comment_status":"closed","ping_status":"closed","sticky":false,"template":"","format":"standard","meta":{"footnotes":""},"categories":[7],"tags":[],"views":2078,"_links":{"self":[{"href":"http:\/\/www.cgt-hopital-manosque.fr\/index.php?rest_route=\/wp\/v2\/posts\/4562"}],"collection":[{"href":"http:\/\/www.cgt-hopital-manosque.fr\/index.php?rest_route=\/wp\/v2\/posts"}],"about":[{"href":"http:\/\/www.cgt-hopital-manosque.fr\/index.php?rest_route=\/wp\/v2\/types\/post"}],"author":[{"embeddable":true,"href":"http:\/\/www.cgt-hopital-manosque.fr\/index.php?rest_route=\/wp\/v2\/users\/1"}],"replies":[{"embeddable":true,"href":"http:\/\/www.cgt-hopital-manosque.fr\/index.php?rest_route=%2Fwp%2Fv2%2Fcomments&post=4562"}],"version-history":[{"count":2,"href":"http:\/\/www.cgt-hopital-manosque.fr\/index.php?rest_route=\/wp\/v2\/posts\/4562\/revisions"}],"predecessor-version":[{"id":4569,"href":"http:\/\/www.cgt-hopital-manosque.fr\/index.php?rest_route=\/wp\/v2\/posts\/4562\/revisions\/4569"}],"wp:attachment":[{"href":"http:\/\/www.cgt-hopital-manosque.fr\/index.php?rest_route=%2Fwp%2Fv2%2Fmedia&parent=4562"}],"wp:term":[{"taxonomy":"category","embeddable":true,"href":"http:\/\/www.cgt-hopital-manosque.fr\/index.php?rest_route=%2Fwp%2Fv2%2Fcategories&post=4562"},{"taxonomy":"post_tag","embeddable":true,"href":"http:\/\/www.cgt-hopital-manosque.fr\/index.php?rest_route=%2Fwp%2Fv2%2Ftags&post=4562"}],"curies":[{"name":"wp","href":"https:\/\/api.w.org\/{rel}","templated":true}]}}