{"id":4575,"date":"2016-11-04T20:38:03","date_gmt":"2016-11-04T20:38:03","guid":{"rendered":"http:\/\/www.cgt-hopital-manosque.fr\/?p=4575"},"modified":"2016-11-04T20:38:40","modified_gmt":"2016-11-04T20:38:40","slug":"3-novembre-2016-tous-ensemble-en-greve-le-8-novembre-declaration-commune-cgt-et-fo-sante-04","status":"publish","type":"post","link":"http:\/\/www.cgt-hopital-manosque.fr\/?p=4575","title":{"rendered":"3 novembre 2016 &#8211; Tous ensemble, en gr\u00e8ve le 8 novembre ! D\u00e9claration commune CGT et FO Sant\u00e9 04"},"content":{"rendered":"<p><a href=\"http:\/\/www.cgt-hopital-manosque.fr\/wp-content\/uploads\/2016\/11\/754.-D\u00e9claration-commune-CGT-FO-Sant\u00e9-p1.jpg\"><img loading=\"lazy\" decoding=\"async\" src=\"http:\/\/www.cgt-hopital-manosque.fr\/wp-content\/uploads\/2016\/11\/754.-D\u00e9claration-commune-CGT-FO-Sant\u00e9-p1.jpg\" alt=\"754-declaration-commune-cgt-fo-sante-p1\" width=\"647\" height=\"853\" class=\"aligncenter size-full wp-image-4576\" srcset=\"http:\/\/www.cgt-hopital-manosque.fr\/wp-content\/uploads\/2016\/11\/754.-D\u00e9claration-commune-CGT-FO-Sant\u00e9-p1.jpg 647w, http:\/\/www.cgt-hopital-manosque.fr\/wp-content\/uploads\/2016\/11\/754.-D\u00e9claration-commune-CGT-FO-Sant\u00e9-p1-228x300.jpg 228w\" sizes=\"(max-width: 647px) 100vw, 647px\" \/><\/a><\/p>\n<p><a href=\"http:\/\/www.cgt-hopital-manosque.fr\/wp-content\/uploads\/2016\/11\/754.D\u00e9claration-commune-CGT-FO-Sant\u00e9-p2.jpg\"><img loading=\"lazy\" decoding=\"async\" src=\"http:\/\/www.cgt-hopital-manosque.fr\/wp-content\/uploads\/2016\/11\/754.D\u00e9claration-commune-CGT-FO-Sant\u00e9-p2.jpg\" alt=\"754-declaration-commune-cgt-fo-sante-p2\" width=\"652\" height=\"813\" class=\"aligncenter size-full wp-image-4577\" srcset=\"http:\/\/www.cgt-hopital-manosque.fr\/wp-content\/uploads\/2016\/11\/754.D\u00e9claration-commune-CGT-FO-Sant\u00e9-p2.jpg 652w, http:\/\/www.cgt-hopital-manosque.fr\/wp-content\/uploads\/2016\/11\/754.D\u00e9claration-commune-CGT-FO-Sant\u00e9-p2-241x300.jpg 241w\" sizes=\"(max-width: 652px) 100vw, 652px\" \/><\/a><\/p>\n<p><strong>POUR CONSULTER LE COMMUNIQUE COMMUN, <a href=\"http:\/\/www.cgt-hopital-manosque.fr\/wp-content\/uploads\/2016\/11\/754.-D\u00e9claration-commune-CGT-FO-08112016-V2.pdf\">CLIQUER ICI<\/a><\/strong><\/p>\n<p style= \"text-align: justify;\"><strong> POUR CONSULTER NOTRE DOSSIER COMPLET SUR LES GHT (AVEC LES DIFFERENTS ARTICLES ET TRACTS), <a href=\"http:\/\/www.cgt-hopital-manosque.fr\/?p=4236\" target=\"_blank\">CLIQUER ICI<\/a><\/strong><\/p>\n","protected":false},"excerpt":{"rendered":"<p>POUR CONSULTER LE COMMUNIQUE COMMUN, CLIQUER ICI POUR CONSULTER NOTRE DOSSIER COMPLET SUR LES GHT (AVEC LES DIFFERENTS ARTICLES ET TRACTS), CLIQUER ICI<\/p>\n","protected":false},"author":1,"featured_media":0,"comment_status":"closed","ping_status":"closed","sticky":false,"template":"","format":"standard","meta":{"footnotes":""},"categories":[7],"tags":[],"views":2068,"_links":{"self":[{"href":"http:\/\/www.cgt-hopital-manosque.fr\/index.php?rest_route=\/wp\/v2\/posts\/4575"}],"collection":[{"href":"http:\/\/www.cgt-hopital-manosque.fr\/index.php?rest_route=\/wp\/v2\/posts"}],"about":[{"href":"http:\/\/www.cgt-hopital-manosque.fr\/index.php?rest_route=\/wp\/v2\/types\/post"}],"author":[{"embeddable":true,"href":"http:\/\/www.cgt-hopital-manosque.fr\/index.php?rest_route=\/wp\/v2\/users\/1"}],"replies":[{"embeddable":true,"href":"http:\/\/www.cgt-hopital-manosque.fr\/index.php?rest_route=%2Fwp%2Fv2%2Fcomments&post=4575"}],"version-history":[{"count":2,"href":"http:\/\/www.cgt-hopital-manosque.fr\/index.php?rest_route=\/wp\/v2\/posts\/4575\/revisions"}],"predecessor-version":[{"id":4580,"href":"http:\/\/www.cgt-hopital-manosque.fr\/index.php?rest_route=\/wp\/v2\/posts\/4575\/revisions\/4580"}],"wp:attachment":[{"href":"http:\/\/www.cgt-hopital-manosque.fr\/index.php?rest_route=%2Fwp%2Fv2%2Fmedia&parent=4575"}],"wp:term":[{"taxonomy":"category","embeddable":true,"href":"http:\/\/www.cgt-hopital-manosque.fr\/index.php?rest_route=%2Fwp%2Fv2%2Fcategories&post=4575"},{"taxonomy":"post_tag","embeddable":true,"href":"http:\/\/www.cgt-hopital-manosque.fr\/index.php?rest_route=%2Fwp%2Fv2%2Ftags&post=4575"}],"curies":[{"name":"wp","href":"https:\/\/api.w.org\/{rel}","templated":true}]}}