{"id":4582,"date":"2016-11-04T20:43:13","date_gmt":"2016-11-04T20:43:13","guid":{"rendered":"http:\/\/www.cgt-hopital-manosque.fr\/?p=4582"},"modified":"2016-11-04T20:44:22","modified_gmt":"2016-11-04T20:44:22","slug":"4-novembre-2016-le-journal-de-lud-cgt-04-du-mois-doctobre-2016","status":"publish","type":"post","link":"http:\/\/www.cgt-hopital-manosque.fr\/?p=4582","title":{"rendered":"4 novembre 2016 &#8211; Le journal de l&rsquo;UD CGT 04 du mois d&rsquo;octobre 2016"},"content":{"rendered":"<p><a href=\"http:\/\/www.cgt-hopital-manosque.fr\/wp-content\/uploads\/2016\/11\/755.-Sommaire-Journal-UD-CGT-04-octobre-2016.jpg\"><img loading=\"lazy\" decoding=\"async\" src=\"http:\/\/www.cgt-hopital-manosque.fr\/wp-content\/uploads\/2016\/11\/755.-Sommaire-Journal-UD-CGT-04-octobre-2016.jpg\" alt=\"755-sommaire-journal-ud-cgt-04-octobre-2016\" width=\"623\" height=\"901\" class=\"aligncenter size-full wp-image-4583\" srcset=\"http:\/\/www.cgt-hopital-manosque.fr\/wp-content\/uploads\/2016\/11\/755.-Sommaire-Journal-UD-CGT-04-octobre-2016.jpg 623w, http:\/\/www.cgt-hopital-manosque.fr\/wp-content\/uploads\/2016\/11\/755.-Sommaire-Journal-UD-CGT-04-octobre-2016-207x300.jpg 207w\" sizes=\"(max-width: 623px) 100vw, 623px\" \/><\/a><\/p>\n<p style= \"text-align: justify;\"><strong><br \/>\nSommaire : <\/p>\n<p style= \"text-align: justify;\">Pages 1 \u00e0 4 : Elections salari\u00e9s des TPE <\/p>\n<p style= \"text-align: justify;\">Page 5  : Conseil R\u00e9gional PACA : la CGT porte la voix des salari\u00e9s et ne n\u00e9gocie aucun recul Social + Rassemblement \u00e0 Digne pour la d\u00e9fense des Libert\u00e9s syndicales <\/p>\n<p style= \"text-align: justify;\">Page 6 : Journ\u00e9e d\u2019\u00e9tude sur le programme \u00e9conomique du FN (Interview de Gilles Fournel) <\/p>\n<p style= \"text-align: justify;\">Page 7 : Gr\u00e8ve et mobilisation du 8 novembre (Interview de C\u00e9dric Volait) <\/p>\n<p style= \"text-align: justify;\">Page 8  : Note de lecture <\/p>\n<p style= \"text-align: justify;\">\n<\/strong>\n<\/p>\n<p style= \"text-align: justify;\">\n<strong>POUR CONSULTER LE JOURNAL COMPLET, <a href=\"http:\/\/www.cgt-hopital-manosque.fr\/wp-content\/uploads\/2016\/11\/755.-Journal-UD-CGT-04-octobre-2016.pdf\">CLIQUER ICI<\/a><br \/>\n<\/strong><\/p>\n","protected":false},"excerpt":{"rendered":"<p>Sommaire : Pages 1 \u00e0 4 : Elections salari\u00e9s des TPE Page 5 : Conseil R\u00e9gional PACA : la CGT porte la voix des salari\u00e9s et ne n\u00e9gocie aucun recul Social + Rassemblement \u00e0 Digne pour la d\u00e9fense des Libert\u00e9s syndicales Page 6 : Journ\u00e9e d\u2019\u00e9tude sur le programme \u00e9conomique du FN (Interview de Gilles [&hellip;]<\/p>\n","protected":false},"author":1,"featured_media":0,"comment_status":"closed","ping_status":"closed","sticky":false,"template":"","format":"standard","meta":{"footnotes":""},"categories":[7],"tags":[],"views":1599,"_links":{"self":[{"href":"http:\/\/www.cgt-hopital-manosque.fr\/index.php?rest_route=\/wp\/v2\/posts\/4582"}],"collection":[{"href":"http:\/\/www.cgt-hopital-manosque.fr\/index.php?rest_route=\/wp\/v2\/posts"}],"about":[{"href":"http:\/\/www.cgt-hopital-manosque.fr\/index.php?rest_route=\/wp\/v2\/types\/post"}],"author":[{"embeddable":true,"href":"http:\/\/www.cgt-hopital-manosque.fr\/index.php?rest_route=\/wp\/v2\/users\/1"}],"replies":[{"embeddable":true,"href":"http:\/\/www.cgt-hopital-manosque.fr\/index.php?rest_route=%2Fwp%2Fv2%2Fcomments&post=4582"}],"version-history":[{"count":2,"href":"http:\/\/www.cgt-hopital-manosque.fr\/index.php?rest_route=\/wp\/v2\/posts\/4582\/revisions"}],"predecessor-version":[{"id":4586,"href":"http:\/\/www.cgt-hopital-manosque.fr\/index.php?rest_route=\/wp\/v2\/posts\/4582\/revisions\/4586"}],"wp:attachment":[{"href":"http:\/\/www.cgt-hopital-manosque.fr\/index.php?rest_route=%2Fwp%2Fv2%2Fmedia&parent=4582"}],"wp:term":[{"taxonomy":"category","embeddable":true,"href":"http:\/\/www.cgt-hopital-manosque.fr\/index.php?rest_route=%2Fwp%2Fv2%2Fcategories&post=4582"},{"taxonomy":"post_tag","embeddable":true,"href":"http:\/\/www.cgt-hopital-manosque.fr\/index.php?rest_route=%2Fwp%2Fv2%2Ftags&post=4582"}],"curies":[{"name":"wp","href":"https:\/\/api.w.org\/{rel}","templated":true}]}}