{"id":4608,"date":"2016-11-07T20:46:15","date_gmt":"2016-11-07T20:46:15","guid":{"rendered":"http:\/\/www.cgt-hopital-manosque.fr\/?p=4608"},"modified":"2016-11-08T07:08:56","modified_gmt":"2016-11-08T07:08:56","slug":"7-novembre-2016-malaise-a-lhopital-greve-mardi-8-novembre-interview-radio-frequence-mistral","status":"publish","type":"post","link":"http:\/\/www.cgt-hopital-manosque.fr\/?p=4608","title":{"rendered":"7 novembre 2016 &#8211; Malaise \u00e0 l\u2019h\u00f4pital : gr\u00e8ve mardi 8 novembre (interview Radio Fr\u00e9quence Mistral)"},"content":{"rendered":"<p><a href=\"http:\/\/www.cgt-hopital-manosque.fr\/wp-content\/uploads\/2016\/11\/758.-Fr\u00e9quence-Mistral-07112016-p1b.jpg\"><img loading=\"lazy\" decoding=\"async\" src=\"http:\/\/www.cgt-hopital-manosque.fr\/wp-content\/uploads\/2016\/11\/758.-Fr\u00e9quence-Mistral-07112016-p1b.jpg\" alt=\"758-frequence-mistral-07112016-p1b\" width=\"623\" height=\"628\" class=\"aligncenter size-full wp-image-4616\" srcset=\"http:\/\/www.cgt-hopital-manosque.fr\/wp-content\/uploads\/2016\/11\/758.-Fr\u00e9quence-Mistral-07112016-p1b.jpg 623w, http:\/\/www.cgt-hopital-manosque.fr\/wp-content\/uploads\/2016\/11\/758.-Fr\u00e9quence-Mistral-07112016-p1b-150x150.jpg 150w, http:\/\/www.cgt-hopital-manosque.fr\/wp-content\/uploads\/2016\/11\/758.-Fr\u00e9quence-Mistral-07112016-p1b-298x300.jpg 298w\" sizes=\"(max-width: 623px) 100vw, 623px\" \/><\/a><\/p>\n<p><a href=\"http:\/\/www.cgt-hopital-manosque.fr\/wp-content\/uploads\/2016\/11\/758.-Fr\u00e9quence-Mistral-07112016-p2.jpg\"><img loading=\"lazy\" decoding=\"async\" src=\"http:\/\/www.cgt-hopital-manosque.fr\/wp-content\/uploads\/2016\/11\/758.-Fr\u00e9quence-Mistral-07112016-p2.jpg\" alt=\"758-frequence-mistral-07112016-p2\" width=\"623\" height=\"394\" class=\"aligncenter size-full wp-image-4610\" srcset=\"http:\/\/www.cgt-hopital-manosque.fr\/wp-content\/uploads\/2016\/11\/758.-Fr\u00e9quence-Mistral-07112016-p2.jpg 623w, http:\/\/www.cgt-hopital-manosque.fr\/wp-content\/uploads\/2016\/11\/758.-Fr\u00e9quence-Mistral-07112016-p2-300x190.jpg 300w\" sizes=\"(max-width: 623px) 100vw, 623px\" \/><\/a><\/p>\n<p style= \"text-align: justify;\"><strong>POUR CONSULTER L&rsquo;ARTICLE COMPLET AVEC L&rsquo;INTERVIEW AUDIO, <a href=\"http:\/\/www.frequencemistral.com\/Malaise-a-l-hopital-greve-mardi-8-novembre_a3857.html\" target=\"_blank\">CLIQUER ICI<\/a><\/strong><\/p>\n<p><\/strong><\/p>\n<p style= \"text-align: justify;\"><strong> POUR CONSULTER NOTRE DOSSIER COMPLET SUR LES GHT (AVEC LES DIFFERENTS ARTICLES ET TRACTS), <a href=\"http:\/\/www.cgt-hopital-manosque.fr\/?p=4236\" target=\"_blank\">CLIQUER ICI<\/a><\/strong><\/p>\n","protected":false},"excerpt":{"rendered":"<p>POUR CONSULTER L&rsquo;ARTICLE COMPLET AVEC L&rsquo;INTERVIEW AUDIO, CLIQUER ICI POUR CONSULTER NOTRE DOSSIER COMPLET SUR LES GHT (AVEC LES DIFFERENTS ARTICLES ET TRACTS), CLIQUER ICI<\/p>\n","protected":false},"author":1,"featured_media":0,"comment_status":"closed","ping_status":"closed","sticky":false,"template":"","format":"standard","meta":{"footnotes":""},"categories":[7],"tags":[],"views":2177,"_links":{"self":[{"href":"http:\/\/www.cgt-hopital-manosque.fr\/index.php?rest_route=\/wp\/v2\/posts\/4608"}],"collection":[{"href":"http:\/\/www.cgt-hopital-manosque.fr\/index.php?rest_route=\/wp\/v2\/posts"}],"about":[{"href":"http:\/\/www.cgt-hopital-manosque.fr\/index.php?rest_route=\/wp\/v2\/types\/post"}],"author":[{"embeddable":true,"href":"http:\/\/www.cgt-hopital-manosque.fr\/index.php?rest_route=\/wp\/v2\/users\/1"}],"replies":[{"embeddable":true,"href":"http:\/\/www.cgt-hopital-manosque.fr\/index.php?rest_route=%2Fwp%2Fv2%2Fcomments&post=4608"}],"version-history":[{"count":5,"href":"http:\/\/www.cgt-hopital-manosque.fr\/index.php?rest_route=\/wp\/v2\/posts\/4608\/revisions"}],"predecessor-version":[{"id":4617,"href":"http:\/\/www.cgt-hopital-manosque.fr\/index.php?rest_route=\/wp\/v2\/posts\/4608\/revisions\/4617"}],"wp:attachment":[{"href":"http:\/\/www.cgt-hopital-manosque.fr\/index.php?rest_route=%2Fwp%2Fv2%2Fmedia&parent=4608"}],"wp:term":[{"taxonomy":"category","embeddable":true,"href":"http:\/\/www.cgt-hopital-manosque.fr\/index.php?rest_route=%2Fwp%2Fv2%2Fcategories&post=4608"},{"taxonomy":"post_tag","embeddable":true,"href":"http:\/\/www.cgt-hopital-manosque.fr\/index.php?rest_route=%2Fwp%2Fv2%2Ftags&post=4608"}],"curies":[{"name":"wp","href":"https:\/\/api.w.org\/{rel}","templated":true}]}}