{"id":4618,"date":"2016-11-11T06:13:15","date_gmt":"2016-11-11T06:13:15","guid":{"rendered":"http:\/\/www.cgt-hopital-manosque.fr\/?p=4618"},"modified":"2016-11-11T06:47:26","modified_gmt":"2016-11-11T06:47:26","slug":"10-novembre-2016-quelques-articles-de-presse-et-videos-sur-la-manif-du-8-novembre-dans-la-region","status":"publish","type":"post","link":"http:\/\/www.cgt-hopital-manosque.fr\/?p=4618","title":{"rendered":"10 novembre 2016 &#8211; Quelques articles de presse et vid\u00e9os sur les manifs du 8 novembre dans la r\u00e9gion"},"content":{"rendered":"<p><a href=\"http:\/\/www.cgt-hopital-manosque.fr\/wp-content\/uploads\/2016\/11\/759.-Manif-8-novembre-Sant\u00e9-PACA-Nice.jpg\"><img loading=\"lazy\" decoding=\"async\" src=\"http:\/\/www.cgt-hopital-manosque.fr\/wp-content\/uploads\/2016\/11\/759.-Manif-8-novembre-Sant\u00e9-PACA-Nice.jpg\" alt=\"759-manif-8-novembre-sante-paca-nice\" width=\"921\" height=\"617\" class=\"aligncenter size-full wp-image-4620\" srcset=\"http:\/\/www.cgt-hopital-manosque.fr\/wp-content\/uploads\/2016\/11\/759.-Manif-8-novembre-Sant\u00e9-PACA-Nice.jpg 921w, http:\/\/www.cgt-hopital-manosque.fr\/wp-content\/uploads\/2016\/11\/759.-Manif-8-novembre-Sant\u00e9-PACA-Nice-300x201.jpg 300w\" sizes=\"(max-width: 921px) 100vw, 921px\" \/><\/a><\/p>\n<p><a href=\"http:\/\/www.cgt-hopital-manosque.fr\/wp-content\/uploads\/2016\/11\/759.-Manif-8-novembre-Sant\u00e9-PACA-Marseille.jpg\"><img loading=\"lazy\" decoding=\"async\" src=\"http:\/\/www.cgt-hopital-manosque.fr\/wp-content\/uploads\/2016\/11\/759.-Manif-8-novembre-Sant\u00e9-PACA-Marseille.jpg\" alt=\"759-manif-8-novembre-sante-paca-marseille\" width=\"900\" height=\"506\" class=\"aligncenter size-full wp-image-4619\" srcset=\"http:\/\/www.cgt-hopital-manosque.fr\/wp-content\/uploads\/2016\/11\/759.-Manif-8-novembre-Sant\u00e9-PACA-Marseille.jpg 900w, http:\/\/www.cgt-hopital-manosque.fr\/wp-content\/uploads\/2016\/11\/759.-Manif-8-novembre-Sant\u00e9-PACA-Marseille-300x169.jpg 300w\" sizes=\"(max-width: 900px) 100vw, 900px\" \/><\/a><\/p>\n<p style= \"text-align: justify;\"><strong>* Ci-joint l&rsquo;article du journal national l&rsquo;Humanit\u00e9 o\u00f9 des coll\u00e8gues CGT de notre r\u00e9gion ont \u00e9t\u00e9 interrog\u00e9s : <a href=\"http:\/\/www.cgt-hopital-manosque.fr\/wp-content\/uploads\/2016\/11\/759.-Article-LHumanit\u00e9-manif-sant\u00e9-GHT.pdf\">CLIQUER ICI<\/a><\/strong><\/p>\n<p style= \"text-align: justify;\"><strong>* Ci-joint le lien pour consulter les articles et vid\u00e9os sur la Manif du 8 novembre \u00e0 Marseille. Vous en profiterez \u00e9galement pour d\u00e9couvrir le nouveau site des syndicats CGT de l&rsquo;APHM : <a href=\"http:\/\/cgtaphm.reference-syndicale.fr\/2016\/11\/les-hospitaliers-en-colere-dans-les-rues-de-marseille\/\" target=\"_blank\">CLIQUER ICI<\/a><\/strong><\/p>\n<p style= \"text-align: justify;\"><strong>* Ci-joint l&rsquo;article du journal Nice-Matin sur la manif \u00e0 Nice : <a href=\"http:\/\/www.cgt-hopital-manosque.fr\/wp-content\/uploads\/2016\/11\/759.-Manif-8-novemebre-2016-Nice-06.pdf\">CLIQUER ICI<\/a><\/strong><\/p>\n<p style= \"text-align: justify;\"><strong>* Ci-joint l&rsquo;article du journal La Marseillaise sur les manif de Digne, Toulon et Avignon :  <a href=\"http:\/\/www.cgt-hopital-manosque.fr\/wp-content\/uploads\/2016\/11\/759.-Manif-Digne-Toulon-et-Avignon.pdf\">CLIQUER ICI<\/a><\/strong><\/p>\n<p style= \"text-align: justify;\"><strong>* Ci-joint la vid\u00e9o du journal de France 3 \u00e0 Toulon (\u00e0 partir de 2 minutes  52s) :  <a href=\"https:\/\/www.google.fr\/url?sa=t&#038;source=web&#038;cd=2&#038;ved=0ahUKEwiX5-je4pvQAhVDPRoKHcuuDukQFggMMAE&#038;url=http%3A%2F%2Ffrance3-regions.francetvinfo.fr%2Fprovence-alpes%2Femissions%2Fjt-local-1920-toulon&#038;usg=AFQjCNHWG8v3ZtyrKP3dVu2d3wgcVW4zwg&#038;sig2=YD4RtGRXuGHY2NY4g8PclQ\" target=\"_blank\">CLIQUER ICI<\/a><\/strong><\/p>\n<p style= \"text-align: justify;\"><strong>* Ci-joint la vid\u00e9o du journal de France 3 \u00e0 Nice (\u00e0 partir de 1 minute 30s) :  <a href=\"http:\/\/france3-regions.francetvinfo.fr\/cote-d-azur\/emissions\/jt-1920-cote-d-azur\" target=\"_blank\">CLIQUER ICI<\/a><\/strong><\/p>\n<p><\/strong><\/p>\n<p style= \"text-align: justify;\"><strong>  <\/strong>\n<\/p>\n<p style= \"text-align: justify;\"><strong> POUR CONSULTER NOTRE DOSSIER COMPLET SUR LES GHT (AVEC LES DIFFERENTS ARTICLES ET TRACTS), <a href=\"http:\/\/www.cgt-hopital-manosque.fr\/?p=4236\" target=\"_blank\">CLIQUER ICI<\/a><\/strong><\/p>\n","protected":false},"excerpt":{"rendered":"<p>* Ci-joint l&rsquo;article du journal national l&rsquo;Humanit\u00e9 o\u00f9 des coll\u00e8gues CGT de notre r\u00e9gion ont \u00e9t\u00e9 interrog\u00e9s : CLIQUER ICI * Ci-joint le lien pour consulter les articles et vid\u00e9os sur la Manif du 8 novembre \u00e0 Marseille. Vous en profiterez \u00e9galement pour d\u00e9couvrir le nouveau site des syndicats CGT de l&rsquo;APHM : CLIQUER ICI [&hellip;]<\/p>\n","protected":false},"author":1,"featured_media":0,"comment_status":"closed","ping_status":"closed","sticky":false,"template":"","format":"standard","meta":{"footnotes":""},"categories":[7],"tags":[],"views":3423,"_links":{"self":[{"href":"http:\/\/www.cgt-hopital-manosque.fr\/index.php?rest_route=\/wp\/v2\/posts\/4618"}],"collection":[{"href":"http:\/\/www.cgt-hopital-manosque.fr\/index.php?rest_route=\/wp\/v2\/posts"}],"about":[{"href":"http:\/\/www.cgt-hopital-manosque.fr\/index.php?rest_route=\/wp\/v2\/types\/post"}],"author":[{"embeddable":true,"href":"http:\/\/www.cgt-hopital-manosque.fr\/index.php?rest_route=\/wp\/v2\/users\/1"}],"replies":[{"embeddable":true,"href":"http:\/\/www.cgt-hopital-manosque.fr\/index.php?rest_route=%2Fwp%2Fv2%2Fcomments&post=4618"}],"version-history":[{"count":10,"href":"http:\/\/www.cgt-hopital-manosque.fr\/index.php?rest_route=\/wp\/v2\/posts\/4618\/revisions"}],"predecessor-version":[{"id":4634,"href":"http:\/\/www.cgt-hopital-manosque.fr\/index.php?rest_route=\/wp\/v2\/posts\/4618\/revisions\/4634"}],"wp:attachment":[{"href":"http:\/\/www.cgt-hopital-manosque.fr\/index.php?rest_route=%2Fwp%2Fv2%2Fmedia&parent=4618"}],"wp:term":[{"taxonomy":"category","embeddable":true,"href":"http:\/\/www.cgt-hopital-manosque.fr\/index.php?rest_route=%2Fwp%2Fv2%2Fcategories&post=4618"},{"taxonomy":"post_tag","embeddable":true,"href":"http:\/\/www.cgt-hopital-manosque.fr\/index.php?rest_route=%2Fwp%2Fv2%2Ftags&post=4618"}],"curies":[{"name":"wp","href":"https:\/\/api.w.org\/{rel}","templated":true}]}}