{"id":4637,"date":"2016-11-18T19:10:49","date_gmt":"2016-11-18T19:10:49","guid":{"rendered":"http:\/\/www.cgt-hopital-manosque.fr\/?p=4637"},"modified":"2016-12-03T06:43:47","modified_gmt":"2016-12-03T06:43:47","slug":"17-novembre-2016-question-sur-la-formation-professionnelle-le-financement-des-etudes-promotionnelles","status":"publish","type":"post","link":"http:\/\/www.cgt-hopital-manosque.fr\/?p=4637","title":{"rendered":"17 novembre 2016 &#8211; Question sur la formation professionnelle : le financement des \u00e9tudes promotionnelles"},"content":{"rendered":"<p><a href=\"http:\/\/www.cgt-hopital-manosque.fr\/wp-content\/uploads\/2015\/10\/642.-Question-r\u00e9ponse-sur-la-maladie-et-la-retraite.png\"><img loading=\"lazy\" decoding=\"async\" src=\"http:\/\/www.cgt-hopital-manosque.fr\/wp-content\/uploads\/2015\/10\/642.-Question-r\u00e9ponse-sur-la-maladie-et-la-retraite.png\" alt=\"Question r\u00e9ponse sur la maladie et la retraite CGT\" width=\"380\" height=\"140\" class=\"aligncenter size-full wp-image-3844\" srcset=\"http:\/\/www.cgt-hopital-manosque.fr\/wp-content\/uploads\/2015\/10\/642.-Question-r\u00e9ponse-sur-la-maladie-et-la-retraite.png 380w, http:\/\/www.cgt-hopital-manosque.fr\/wp-content\/uploads\/2015\/10\/642.-Question-r\u00e9ponse-sur-la-maladie-et-la-retraite-300x111.png 300w\" sizes=\"(max-width: 380px) 100vw, 380px\" \/><\/a><\/p>\n<p style= \"text-align: justify;\">\n<strong>La question qui nous a \u00e9t\u00e9 pos\u00e9e : <\/strong><\/p>\n<p style= \"text-align: justify;\">\n\u00ab\u00a0Je viens de terminer mes \u00e9tudes IDE (3 ans), je viens de commencer en service, et je me rends compte que ce m\u00e9tier n\u2019est pas fait pour moi (notamment dans la pratique). Je voudrais revenir \u00e0 mon ancien grade d\u2019OPQ. Va-t-on me demander de rembourser le financement de mes \u00e9tudes (100 000 euros) ?\u00a0\u00bb <\/p>\n<p style= \"text-align: justify;\">\n<strong>Notre r\u00e9ponse : <\/strong><\/p>\n<p style= \"text-align: justify;\">\n\u00ab\u00a0Cela pose, dans un premier temps, la question de la nouvelle formation d\u2019infirmier(e). Avant, nous \u00e9tions sur de la mise en situation professionnelle. Avec l\u2019universitarisation, cela a \u00e9volu\u00e9 vers beaucoup plus de th\u00e9orie. Les \u00e9l\u00e8ves sont plus format\u00e9s intellectuellement qu\u2019en termes de pratique. Nous voyons de plus en plus d\u2019\u00e9l\u00e8ves, et m\u00eame d\u2019\u00e9tablissements, se plaindre de ces nouvelles \u00e9tudes. <\/p>\n<p style= \"text-align: justify;\">\nEnsuite, pour en revenir \u00e0 la r\u00e9glementation en vigueur, l\u2019engagement de servir d\u00e9bute \u00e0 compter de la r\u00e9ussite au dipl\u00f4me et non de la date de stagiairisation comme de nombreux agents le pensent souvent. <\/p>\n<p style= \"text-align: justify;\">\nPour les \u00e9tudes IDE, il y a un engagement de servir de 5 ans. Mais l\u2019agent peut tr\u00e8s bien le r\u00e9aliser en tant qu\u2019OPQ. Donc, si tu restes dans ton \u00e9tablissement dans ton ancien grade, tu ne dois pas d\u2019argent, seulement un engagement de servir. <\/p>\n<p style= \"text-align: justify;\">\nConform\u00e9ment \u00e0 la r\u00e8glementation concernant l\u2019engagement de servir au titre des Etudes Promotionnelles, l\u2019article 9 du d\u00e9cret n\u00b0 2008-824 du 21\/08\/2008 indique \u00ab Lorsque, \u00e0 l\u2019issue d\u2019une formation pr\u00e9vue au 4\u00b0 de l\u2019article 1er, l\u2019agent qui a \u00e9t\u00e9 r\u00e9mun\u00e9r\u00e9 pendant sa formation obtient l\u2019un des certificats ou dipl\u00f4mes lui donnant acc\u00e8s aux corps, grades, ou emplois mentionn\u00e9s par arr\u00eat\u00e9 du ministre charg\u00e9 de la sant\u00e9, est tenu de servir dans un des \u00e9tablissements \u00e9num\u00e9r\u00e9s \u00e0 l\u2019article 2 de la loi du 9\/01\/1986, pendant une dur\u00e9e \u00e9gale au triple de celle de la formation, dans la limite de cinq ans maximum \u00e0 compter de l\u2019obtention de ce dipl\u00f4me \u2026 \u00bb. <\/p>\n<p style= \"text-align: justify;\">\nEn cons\u00e9quence,  c&rsquo;est uniquement  dans le cas o\u00f9 l\u2019agent quitterait la fonction publique hospitali\u00e8re qu\u2019il se doit de rembourser \u00e0 l\u2019\u00e9tablissement la charge financi\u00e8re aff\u00e9rente \u00e0 sa formation d\u2019IDE dans le cadre de sa formation EP.\u00a0\u00bb <\/p>\n","protected":false},"excerpt":{"rendered":"<p>La question qui nous a \u00e9t\u00e9 pos\u00e9e : \u00ab\u00a0Je viens de terminer mes \u00e9tudes IDE (3 ans), je viens de commencer en service, et je me rends compte que ce m\u00e9tier n\u2019est pas fait pour moi (notamment dans la pratique). Je voudrais revenir \u00e0 mon ancien grade d\u2019OPQ. Va-t-on me demander de rembourser le financement [&hellip;]<\/p>\n","protected":false},"author":1,"featured_media":0,"comment_status":"closed","ping_status":"closed","sticky":false,"template":"","format":"standard","meta":{"footnotes":""},"categories":[5],"tags":[],"views":1886,"_links":{"self":[{"href":"http:\/\/www.cgt-hopital-manosque.fr\/index.php?rest_route=\/wp\/v2\/posts\/4637"}],"collection":[{"href":"http:\/\/www.cgt-hopital-manosque.fr\/index.php?rest_route=\/wp\/v2\/posts"}],"about":[{"href":"http:\/\/www.cgt-hopital-manosque.fr\/index.php?rest_route=\/wp\/v2\/types\/post"}],"author":[{"embeddable":true,"href":"http:\/\/www.cgt-hopital-manosque.fr\/index.php?rest_route=\/wp\/v2\/users\/1"}],"replies":[{"embeddable":true,"href":"http:\/\/www.cgt-hopital-manosque.fr\/index.php?rest_route=%2Fwp%2Fv2%2Fcomments&post=4637"}],"version-history":[{"count":4,"href":"http:\/\/www.cgt-hopital-manosque.fr\/index.php?rest_route=\/wp\/v2\/posts\/4637\/revisions"}],"predecessor-version":[{"id":4666,"href":"http:\/\/www.cgt-hopital-manosque.fr\/index.php?rest_route=\/wp\/v2\/posts\/4637\/revisions\/4666"}],"wp:attachment":[{"href":"http:\/\/www.cgt-hopital-manosque.fr\/index.php?rest_route=%2Fwp%2Fv2%2Fmedia&parent=4637"}],"wp:term":[{"taxonomy":"category","embeddable":true,"href":"http:\/\/www.cgt-hopital-manosque.fr\/index.php?rest_route=%2Fwp%2Fv2%2Fcategories&post=4637"},{"taxonomy":"post_tag","embeddable":true,"href":"http:\/\/www.cgt-hopital-manosque.fr\/index.php?rest_route=%2Fwp%2Fv2%2Ftags&post=4637"}],"curies":[{"name":"wp","href":"https:\/\/api.w.org\/{rel}","templated":true}]}}