{"id":4641,"date":"2016-11-18T19:23:35","date_gmt":"2016-11-18T19:23:35","guid":{"rendered":"http:\/\/www.cgt-hopital-manosque.fr\/?p=4641"},"modified":"2016-11-18T19:24:44","modified_gmt":"2016-11-18T19:24:44","slug":"18-novembre-2016-appel-de-la-coordination-cgt-sante-et-action-sociale-paca-relatif-a-linitiative-regionale-du-13-decembre","status":"publish","type":"post","link":"http:\/\/www.cgt-hopital-manosque.fr\/?p=4641","title":{"rendered":"18 novembre 2016 &#8211; Appel de la coordination CGT Sant\u00e9 et Action Sociale PACA relatif \u00e0 l&rsquo;initiative r\u00e9gionale du 13 d\u00e9cembre"},"content":{"rendered":"<p><strong><\/p>\n<p style= \"text-align: justify;\">Appel de la coordination CGT Sant\u00e9 et Action Sociale PACA du 18 novembre 2016 : <\/p>\n<p style= \"text-align: justify;\">Notre r\u00e9gion est attaqu\u00e9e sur ces fondements \u00e9conomiques et ses \u00e9quilibres sociaux sont fragilis\u00e9s. <\/p>\n<p style= \"text-align: justify;\">Elle a besoin d\u2019une relance forte de son \u00e9conomie, d\u2019une politique de l\u2019emploi permettant le financement de la protection sociale \u00e0 un haut niveau, de moyens importants pour d\u00e9velopper le service public de qualit\u00e9 et d\u2019un maillage sanitaire territorial couvrant les besoins en sant\u00e9 d\u2019une population de plus en plus pr\u00e9caris\u00e9e. <\/p>\n<p style= \"text-align: justify;\">La Coordination R\u00e9gionale appelle l\u2019ensemble des salari\u00e9s du secteur de la sant\u00e9 et de l&rsquo;action sociale \u00e0 s\u2019investir dans l\u2019initiative r\u00e9gionale du 13 d\u00e9cembre \u00e0 Marseille \u00e0 l\u2019H\u00f4tel de r\u00e9gion, place jules Guesde \u00e0 11h00. <\/p>\n<p><\/strong><\/p>\n<p><a href=\"http:\/\/www.cgt-hopital-manosque.fr\/wp-content\/uploads\/2016\/11\/760.-Tract-CGT-PACA-manif-r\u00e9gionale-p1.jpg\"><img loading=\"lazy\" decoding=\"async\" src=\"http:\/\/www.cgt-hopital-manosque.fr\/wp-content\/uploads\/2016\/11\/760.-Tract-CGT-PACA-manif-r\u00e9gionale-p1.jpg\" alt=\"760-tract-cgt-paca-manif-regionale-p1\" width=\"627\" height=\"901\" class=\"aligncenter size-full wp-image-4642\" srcset=\"http:\/\/www.cgt-hopital-manosque.fr\/wp-content\/uploads\/2016\/11\/760.-Tract-CGT-PACA-manif-r\u00e9gionale-p1.jpg 627w, http:\/\/www.cgt-hopital-manosque.fr\/wp-content\/uploads\/2016\/11\/760.-Tract-CGT-PACA-manif-r\u00e9gionale-p1-209x300.jpg 209w\" sizes=\"(max-width: 627px) 100vw, 627px\" \/><\/a><\/p>\n<p><a href=\"http:\/\/www.cgt-hopital-manosque.fr\/wp-content\/uploads\/2016\/11\/760.-Tract-CGT-PACA-manif-r\u00e9gionale-p2.jpg\"><img loading=\"lazy\" decoding=\"async\" src=\"http:\/\/www.cgt-hopital-manosque.fr\/wp-content\/uploads\/2016\/11\/760.-Tract-CGT-PACA-manif-r\u00e9gionale-p2.jpg\" alt=\"760-tract-cgt-paca-manif-regionale-p2\" width=\"611\" height=\"883\" class=\"aligncenter size-full wp-image-4643\" srcset=\"http:\/\/www.cgt-hopital-manosque.fr\/wp-content\/uploads\/2016\/11\/760.-Tract-CGT-PACA-manif-r\u00e9gionale-p2.jpg 611w, http:\/\/www.cgt-hopital-manosque.fr\/wp-content\/uploads\/2016\/11\/760.-Tract-CGT-PACA-manif-r\u00e9gionale-p2-208x300.jpg 208w\" sizes=\"(max-width: 611px) 100vw, 611px\" \/><\/a><\/p>\n<p><strong>POUR CONSULTER LE TRACT COMPLET, <a href=\"http:\/\/www.cgt-hopital-manosque.fr\/wp-content\/uploads\/2016\/11\/760.-Tract-CGT-PACA-13-d\u00e9cembre.pdf\">CLIQUER ICI<\/a><\/strong><\/p>\n","protected":false},"excerpt":{"rendered":"<p>Appel de la coordination CGT Sant\u00e9 et Action Sociale PACA du 18 novembre 2016 : Notre r\u00e9gion est attaqu\u00e9e sur ces fondements \u00e9conomiques et ses \u00e9quilibres sociaux sont fragilis\u00e9s. Elle a besoin d\u2019une relance forte de son \u00e9conomie, d\u2019une politique de l\u2019emploi permettant le financement de la protection sociale \u00e0 un haut niveau, de moyens [&hellip;]<\/p>\n","protected":false},"author":1,"featured_media":0,"comment_status":"closed","ping_status":"closed","sticky":false,"template":"","format":"standard","meta":{"footnotes":""},"categories":[7],"tags":[],"views":1787,"_links":{"self":[{"href":"http:\/\/www.cgt-hopital-manosque.fr\/index.php?rest_route=\/wp\/v2\/posts\/4641"}],"collection":[{"href":"http:\/\/www.cgt-hopital-manosque.fr\/index.php?rest_route=\/wp\/v2\/posts"}],"about":[{"href":"http:\/\/www.cgt-hopital-manosque.fr\/index.php?rest_route=\/wp\/v2\/types\/post"}],"author":[{"embeddable":true,"href":"http:\/\/www.cgt-hopital-manosque.fr\/index.php?rest_route=\/wp\/v2\/users\/1"}],"replies":[{"embeddable":true,"href":"http:\/\/www.cgt-hopital-manosque.fr\/index.php?rest_route=%2Fwp%2Fv2%2Fcomments&post=4641"}],"version-history":[{"count":3,"href":"http:\/\/www.cgt-hopital-manosque.fr\/index.php?rest_route=\/wp\/v2\/posts\/4641\/revisions"}],"predecessor-version":[{"id":4647,"href":"http:\/\/www.cgt-hopital-manosque.fr\/index.php?rest_route=\/wp\/v2\/posts\/4641\/revisions\/4647"}],"wp:attachment":[{"href":"http:\/\/www.cgt-hopital-manosque.fr\/index.php?rest_route=%2Fwp%2Fv2%2Fmedia&parent=4641"}],"wp:term":[{"taxonomy":"category","embeddable":true,"href":"http:\/\/www.cgt-hopital-manosque.fr\/index.php?rest_route=%2Fwp%2Fv2%2Fcategories&post=4641"},{"taxonomy":"post_tag","embeddable":true,"href":"http:\/\/www.cgt-hopital-manosque.fr\/index.php?rest_route=%2Fwp%2Fv2%2Ftags&post=4641"}],"curies":[{"name":"wp","href":"https:\/\/api.w.org\/{rel}","templated":true}]}}