{"id":4648,"date":"2016-11-19T07:47:44","date_gmt":"2016-11-19T07:47:44","guid":{"rendered":"http:\/\/www.cgt-hopital-manosque.fr\/?p=4648"},"modified":"2016-12-03T06:44:18","modified_gmt":"2016-12-03T06:44:18","slug":"19-novembre-2016-question-sur-la-commission-de-reforme-et-sur-le-temps-partiel-therapeutique","status":"publish","type":"post","link":"http:\/\/www.cgt-hopital-manosque.fr\/?p=4648","title":{"rendered":"19 novembre 2016 &#8211; Question sur la commission de r\u00e9forme et sur le temps partiel th\u00e9rapeutique"},"content":{"rendered":"<p><a href=\"http:\/\/www.cgt-hopital-manosque.fr\/wp-content\/uploads\/2015\/10\/642.-Question-r\u00e9ponse-sur-la-maladie-et-la-retraite.png\"><img loading=\"lazy\" decoding=\"async\" src=\"http:\/\/www.cgt-hopital-manosque.fr\/wp-content\/uploads\/2015\/10\/642.-Question-r\u00e9ponse-sur-la-maladie-et-la-retraite.png\" alt=\"Question r\u00e9ponse sur la maladie et la retraite CGT\" width=\"380\" height=\"140\" class=\"aligncenter size-full wp-image-3844\" srcset=\"http:\/\/www.cgt-hopital-manosque.fr\/wp-content\/uploads\/2015\/10\/642.-Question-r\u00e9ponse-sur-la-maladie-et-la-retraite.png 380w, http:\/\/www.cgt-hopital-manosque.fr\/wp-content\/uploads\/2015\/10\/642.-Question-r\u00e9ponse-sur-la-maladie-et-la-retraite-300x111.png 300w\" sizes=\"(max-width: 380px) 100vw, 380px\" \/><\/a><\/p>\n<p style= \"text-align: justify;\">\n<strong>La question qui nous a \u00e9t\u00e9 pos\u00e9e : <\/strong><\/p>\n<p style= \"text-align: justify;\">\n\u00ab\u00a0Bonjour, j\u2019arrive bient\u00f4t \u00e0 la fin de la p\u00e9riode de mon temps partiel th\u00e9rapeutique. Pouvez-vous m\u2019informer de la proc\u00e9dure svp ?\u00a0\u00bb<\/p>\n<p style= \"text-align: justify;\">\n<strong>Notre r\u00e9ponse : <\/strong><\/p>\n<p style= \"text-align: justify;\">\n\u00ab\u00a0A l&rsquo;issue de cette p\u00e9riode de temps partiel th\u00e9rapeutique, le fonctionnaire peut reprendre ses fonctions \u00e0 temps plein sans que cette reprise de fonctions ait fait l&rsquo;objet pr\u00e9alablement d&rsquo;une consultation du comit\u00e9 m\u00e9dical ou de la commission de r\u00e9forme. En effet, lors de l&rsquo;octroi du temps partiel th\u00e9rapeutique, son aptitude \u00e0 reprendre ses fonctions a d\u00e9j\u00e0 \u00e9t\u00e9 v\u00e9rifi\u00e9e. <\/p>\n<p style= \"text-align: justify;\">\nA l&rsquo;\u00e9puisement de la dur\u00e9e du temps partiel th\u00e9rapeutique, le fonctionnaire qui n&rsquo;est pas apte \u00e0 reprendre ses fonctions \u00e0 temps plein peut solliciter une autorisation de travail \u00e0 temps partiel au titre du dispositif de droit commun. L&rsquo;agent dispose \u00e9galement de la possibilit\u00e9 de pr\u00e9senter \u00e0 son employeur une nouvelle demande de cong\u00e9 de maladie, si ses droits ne sont pas \u00e9puis\u00e9s. <\/p>\n<p style= \"text-align: justify;\">\nSi l&rsquo;agent ayant \u00e9puis\u00e9 ses droits \u00e0 cong\u00e9 de maladie, ne peut reprendre ses fonctions \u00e0 temps complet ou partiel et est reconnu inapte temporairement ou d\u00e9finitivement \u00e0 exercer ses fonctions, il peut demander \u00e0 b\u00e9n\u00e9ficier d&rsquo;une adaptation de son poste de travail ou d&rsquo;un changement de poste, ou, le cas \u00e9ch\u00e9ant, d&rsquo;un reclassement dans un emploi dans les conditions fix\u00e9es par le d\u00e9cret n\u00b089-376 du 8 juin 1989.\u00a0\u00bb <\/p>\n","protected":false},"excerpt":{"rendered":"<p>La question qui nous a \u00e9t\u00e9 pos\u00e9e : \u00ab\u00a0Bonjour, j\u2019arrive bient\u00f4t \u00e0 la fin de la p\u00e9riode de mon temps partiel th\u00e9rapeutique. Pouvez-vous m\u2019informer de la proc\u00e9dure svp ?\u00a0\u00bb Notre r\u00e9ponse : \u00ab\u00a0A l&rsquo;issue de cette p\u00e9riode de temps partiel th\u00e9rapeutique, le fonctionnaire peut reprendre ses fonctions \u00e0 temps plein sans que cette reprise de [&hellip;]<\/p>\n","protected":false},"author":1,"featured_media":0,"comment_status":"closed","ping_status":"closed","sticky":false,"template":"","format":"standard","meta":{"footnotes":""},"categories":[5],"tags":[],"views":1605,"_links":{"self":[{"href":"http:\/\/www.cgt-hopital-manosque.fr\/index.php?rest_route=\/wp\/v2\/posts\/4648"}],"collection":[{"href":"http:\/\/www.cgt-hopital-manosque.fr\/index.php?rest_route=\/wp\/v2\/posts"}],"about":[{"href":"http:\/\/www.cgt-hopital-manosque.fr\/index.php?rest_route=\/wp\/v2\/types\/post"}],"author":[{"embeddable":true,"href":"http:\/\/www.cgt-hopital-manosque.fr\/index.php?rest_route=\/wp\/v2\/users\/1"}],"replies":[{"embeddable":true,"href":"http:\/\/www.cgt-hopital-manosque.fr\/index.php?rest_route=%2Fwp%2Fv2%2Fcomments&post=4648"}],"version-history":[{"count":2,"href":"http:\/\/www.cgt-hopital-manosque.fr\/index.php?rest_route=\/wp\/v2\/posts\/4648\/revisions"}],"predecessor-version":[{"id":4667,"href":"http:\/\/www.cgt-hopital-manosque.fr\/index.php?rest_route=\/wp\/v2\/posts\/4648\/revisions\/4667"}],"wp:attachment":[{"href":"http:\/\/www.cgt-hopital-manosque.fr\/index.php?rest_route=%2Fwp%2Fv2%2Fmedia&parent=4648"}],"wp:term":[{"taxonomy":"category","embeddable":true,"href":"http:\/\/www.cgt-hopital-manosque.fr\/index.php?rest_route=%2Fwp%2Fv2%2Fcategories&post=4648"},{"taxonomy":"post_tag","embeddable":true,"href":"http:\/\/www.cgt-hopital-manosque.fr\/index.php?rest_route=%2Fwp%2Fv2%2Ftags&post=4648"}],"curies":[{"name":"wp","href":"https:\/\/api.w.org\/{rel}","templated":true}]}}