{"id":4718,"date":"2017-01-04T14:00:17","date_gmt":"2017-01-04T14:00:17","guid":{"rendered":"http:\/\/www.cgt-hopital-manosque.fr\/?p=4718"},"modified":"2017-01-04T14:02:04","modified_gmt":"2017-01-04T14:02:04","slug":"3-janvier-2017-le-journal-de-lud-cgt-04-du-mois-de-decembre-2016","status":"publish","type":"post","link":"http:\/\/www.cgt-hopital-manosque.fr\/?p=4718","title":{"rendered":"3 janvier 2017 &#8211; Le journal de l&rsquo;UD CGT 04 du mois de d\u00e9cembre 2016"},"content":{"rendered":"<p><a href=\"http:\/\/www.cgt-hopital-manosque.fr\/wp-content\/uploads\/2017\/01\/770.-Journal-UD-CGT-04-d\u00e9cembre-2016.jpg\"><img loading=\"lazy\" decoding=\"async\" src=\"http:\/\/www.cgt-hopital-manosque.fr\/wp-content\/uploads\/2017\/01\/770.-Journal-UD-CGT-04-d\u00e9cembre-2016.jpg\" alt=\"770-journal-ud-cgt-04-decembre-2016\" width=\"635\" height=\"909\" class=\"aligncenter size-full wp-image-4719\" srcset=\"http:\/\/www.cgt-hopital-manosque.fr\/wp-content\/uploads\/2017\/01\/770.-Journal-UD-CGT-04-d\u00e9cembre-2016.jpg 635w, http:\/\/www.cgt-hopital-manosque.fr\/wp-content\/uploads\/2017\/01\/770.-Journal-UD-CGT-04-d\u00e9cembre-2016-210x300.jpg 210w\" sizes=\"(max-width: 635px) 100vw, 635px\" \/><\/a><\/p>\n<p style= \"text-align: justify;\"><strong><br \/>\nSommaire : <\/p>\n<p style= \"text-align: justify;\">Page 1 : Edito d&rsquo;Alain Bard <\/p>\n<p style= \"text-align: justify;\">Page 2 : Contrat de pr\u00e9sence postale territoriale &#8211; Interview d&rsquo;Alain Bard, membre du C.A. de La Poste<\/p>\n<p style= \"text-align: justify;\">Page 3 : R\u00e9sultats des \u00e9lections chez Altia Telecom &#8211; interview de Thierry Blanc et Claude Caggiano <\/p>\n<p style= \"text-align: justify;\">Page 4 : Elections \u00e0 HEC, la CGT en t\u00eate<\/p>\n<p style= \"text-align: justify;\">Page 5  : Congr\u00e8s USR CGT 04 du 27 janvier + Actualit\u00e9 \u00e9lections TPE<\/p>\n<p style= \"text-align: justify;\">Pages 6 et 7 : Journ\u00e9e d&rsquo;action r\u00e9gionale du 13 d\u00e9cembre &#8211; Interview de Thomas Tyrner et de Philippe Antoine<\/p>\n<p style= \"text-align: justify;\">Page 8  : Lettre de l&rsquo;UD \u00e0 la CFDT 04<\/p>\n<p style= \"text-align: justify;\">\n<\/strong>\n<\/p>\n<p style= \"text-align: justify;\">\n<strong>POUR CONSULTER LE JOURNAL COMPLET, <a href=\"http:\/\/www.cgt-hopital-manosque.fr\/wp-content\/uploads\/2017\/01\/770.-Journal-UD-CGT-04-d\u00e9cembre-2016.pdf\">CLIQUER ICI<\/a><br \/>\n<\/strong><\/p>\n","protected":false},"excerpt":{"rendered":"<p>Sommaire : Page 1 : Edito d&rsquo;Alain Bard Page 2 : Contrat de pr\u00e9sence postale territoriale &#8211; Interview d&rsquo;Alain Bard, membre du C.A. de La Poste Page 3 : R\u00e9sultats des \u00e9lections chez Altia Telecom &#8211; interview de Thierry Blanc et Claude Caggiano Page 4 : Elections \u00e0 HEC, la CGT en t\u00eate Page 5 [&hellip;]<\/p>\n","protected":false},"author":1,"featured_media":0,"comment_status":"closed","ping_status":"closed","sticky":false,"template":"","format":"standard","meta":{"footnotes":""},"categories":[7],"tags":[],"views":2400,"_links":{"self":[{"href":"http:\/\/www.cgt-hopital-manosque.fr\/index.php?rest_route=\/wp\/v2\/posts\/4718"}],"collection":[{"href":"http:\/\/www.cgt-hopital-manosque.fr\/index.php?rest_route=\/wp\/v2\/posts"}],"about":[{"href":"http:\/\/www.cgt-hopital-manosque.fr\/index.php?rest_route=\/wp\/v2\/types\/post"}],"author":[{"embeddable":true,"href":"http:\/\/www.cgt-hopital-manosque.fr\/index.php?rest_route=\/wp\/v2\/users\/1"}],"replies":[{"embeddable":true,"href":"http:\/\/www.cgt-hopital-manosque.fr\/index.php?rest_route=%2Fwp%2Fv2%2Fcomments&post=4718"}],"version-history":[{"count":3,"href":"http:\/\/www.cgt-hopital-manosque.fr\/index.php?rest_route=\/wp\/v2\/posts\/4718\/revisions"}],"predecessor-version":[{"id":4723,"href":"http:\/\/www.cgt-hopital-manosque.fr\/index.php?rest_route=\/wp\/v2\/posts\/4718\/revisions\/4723"}],"wp:attachment":[{"href":"http:\/\/www.cgt-hopital-manosque.fr\/index.php?rest_route=%2Fwp%2Fv2%2Fmedia&parent=4718"}],"wp:term":[{"taxonomy":"category","embeddable":true,"href":"http:\/\/www.cgt-hopital-manosque.fr\/index.php?rest_route=%2Fwp%2Fv2%2Fcategories&post=4718"},{"taxonomy":"post_tag","embeddable":true,"href":"http:\/\/www.cgt-hopital-manosque.fr\/index.php?rest_route=%2Fwp%2Fv2%2Ftags&post=4718"}],"curies":[{"name":"wp","href":"https:\/\/api.w.org\/{rel}","templated":true}]}}