{"id":4760,"date":"2017-02-05T17:29:23","date_gmt":"2017-02-05T17:29:23","guid":{"rendered":"http:\/\/www.cgt-hopital-manosque.fr\/?p=4760"},"modified":"2017-02-05T17:29:23","modified_gmt":"2017-02-05T17:29:23","slug":"4-fevrier-2017-le-journal-de-lud-cgt-04-du-mois-de-janvier-2017","status":"publish","type":"post","link":"http:\/\/www.cgt-hopital-manosque.fr\/?p=4760","title":{"rendered":"4 f\u00e9vrier 2017 &#8211; Le journal de l&rsquo;UD CGT 04 du mois de janvier 2017"},"content":{"rendered":"<p><a href=\"http:\/\/www.cgt-hopital-manosque.fr\/wp-content\/uploads\/2017\/02\/775.-Journal-UD-CGT-04-janvier-2017.jpg\"><img loading=\"lazy\" decoding=\"async\" src=\"http:\/\/www.cgt-hopital-manosque.fr\/wp-content\/uploads\/2017\/02\/775.-Journal-UD-CGT-04-janvier-2017.jpg\" alt=\"Journal UD CGT 04 janvier 2017\" width=\"635\" height=\"905\" class=\"aligncenter size-full wp-image-4761\" srcset=\"http:\/\/www.cgt-hopital-manosque.fr\/wp-content\/uploads\/2017\/02\/775.-Journal-UD-CGT-04-janvier-2017.jpg 635w, http:\/\/www.cgt-hopital-manosque.fr\/wp-content\/uploads\/2017\/02\/775.-Journal-UD-CGT-04-janvier-2017-210x300.jpg 210w\" sizes=\"(max-width: 635px) 100vw, 635px\" \/><\/a><\/p>\n<p style= \"text-align: justify;\"><strong><br \/>\nSommaire : <\/p>\n<p style= \"text-align: justify;\">Page 1 : Edito d&rsquo;Alain Bard<\/p>\n<p style= \"text-align: justify;\">Page 2 : Le 7 mars : gr\u00e8ve g\u00e9n\u00e9rale<\/p>\n<p style= \"text-align: justify;\">Page 3 :  Les Alpes de Haute Provence y \u00e9tait ! &#8211; Interview de Sor\u00e9a Toumani<\/p>\n<p style= \"text-align: justify;\">Page 4 : Cr\u00e9ation du syndicat CGT de l\u2019h\u00f4pital de Forcalquier &#8211; Interview des membres du Bureau<\/p>\n<p style= \"text-align: justify;\">Page 5 : Le 31 janvier : les \u00e9lectriciens et gaziers ont exprim\u00e9 massivement leur ras-le-bol ! + Repas retrait\u00e9s CGT de la Poste<\/p>\n<p style= \"text-align: justify;\">Page 6 : Toi syndiqu\u00e9, et si tu devenais conseiller Prud\u2019hommes<\/p>\n<p style= \"text-align: justify;\">Page 7 : Intercommunalit\u00e9s : ce qui change au 1er janvier 2017 &#8211; Interview de Mich\u00e8le Piednoir<\/p>\n<p style= \"text-align: justify;\">Page 8 : Intercommunalit\u00e9s (suite) + Journ\u00e9e d\u2019\u00e9tude Fonction Publique<\/p>\n<p style= \"text-align: justify;\">\n<\/strong>\n<\/p>\n<p style= \"text-align: justify;\"><strong><br \/>\nPOUR CONSULTER LE JOURNAL COMPLET, <a href=\"http:\/\/www.cgt-hopital-manosque.fr\/wp-content\/uploads\/2017\/02\/775.-Journal-UD-CGT-04-janvier-2017.pdf\">CLIQUER ICI<\/a><br \/>\n<\/strong><\/p>\n","protected":false},"excerpt":{"rendered":"<p>Sommaire : Page 1 : Edito d&rsquo;Alain Bard Page 2 : Le 7 mars : gr\u00e8ve g\u00e9n\u00e9rale Page 3 : Les Alpes de Haute Provence y \u00e9tait ! &#8211; Interview de Sor\u00e9a Toumani Page 4 : Cr\u00e9ation du syndicat CGT de l\u2019h\u00f4pital de Forcalquier &#8211; Interview des membres du Bureau Page 5 : Le 31 [&hellip;]<\/p>\n","protected":false},"author":1,"featured_media":0,"comment_status":"closed","ping_status":"closed","sticky":false,"template":"","format":"standard","meta":{"footnotes":""},"categories":[7],"tags":[],"views":1601,"_links":{"self":[{"href":"http:\/\/www.cgt-hopital-manosque.fr\/index.php?rest_route=\/wp\/v2\/posts\/4760"}],"collection":[{"href":"http:\/\/www.cgt-hopital-manosque.fr\/index.php?rest_route=\/wp\/v2\/posts"}],"about":[{"href":"http:\/\/www.cgt-hopital-manosque.fr\/index.php?rest_route=\/wp\/v2\/types\/post"}],"author":[{"embeddable":true,"href":"http:\/\/www.cgt-hopital-manosque.fr\/index.php?rest_route=\/wp\/v2\/users\/1"}],"replies":[{"embeddable":true,"href":"http:\/\/www.cgt-hopital-manosque.fr\/index.php?rest_route=%2Fwp%2Fv2%2Fcomments&post=4760"}],"version-history":[{"count":1,"href":"http:\/\/www.cgt-hopital-manosque.fr\/index.php?rest_route=\/wp\/v2\/posts\/4760\/revisions"}],"predecessor-version":[{"id":4763,"href":"http:\/\/www.cgt-hopital-manosque.fr\/index.php?rest_route=\/wp\/v2\/posts\/4760\/revisions\/4763"}],"wp:attachment":[{"href":"http:\/\/www.cgt-hopital-manosque.fr\/index.php?rest_route=%2Fwp%2Fv2%2Fmedia&parent=4760"}],"wp:term":[{"taxonomy":"category","embeddable":true,"href":"http:\/\/www.cgt-hopital-manosque.fr\/index.php?rest_route=%2Fwp%2Fv2%2Fcategories&post=4760"},{"taxonomy":"post_tag","embeddable":true,"href":"http:\/\/www.cgt-hopital-manosque.fr\/index.php?rest_route=%2Fwp%2Fv2%2Ftags&post=4760"}],"curies":[{"name":"wp","href":"https:\/\/api.w.org\/{rel}","templated":true}]}}