{"id":4776,"date":"2017-02-17T19:38:05","date_gmt":"2017-02-17T19:38:05","guid":{"rendered":"http:\/\/www.cgt-hopital-manosque.fr\/?p=4776"},"modified":"2017-02-17T19:38:05","modified_gmt":"2017-02-17T19:38:05","slug":"16-fevrier-2017-greve-nationale-le-7-mars-tract-cgt-usd-cgt-sante-04","status":"publish","type":"post","link":"http:\/\/www.cgt-hopital-manosque.fr\/?p=4776","title":{"rendered":"16 f\u00e9vrier 2017 &#8211; Gr\u00e8ve nationale le 7 mars &#8211; Tract CGT USD CGT Sant\u00e9 04"},"content":{"rendered":"<p><a href=\"http:\/\/www.cgt-hopital-manosque.fr\/wp-content\/uploads\/2017\/02\/777.-Tract-CGT-USD-pour-le-7-mars-2017-.jpg\"><img loading=\"lazy\" decoding=\"async\" src=\"http:\/\/www.cgt-hopital-manosque.fr\/wp-content\/uploads\/2017\/02\/777.-Tract-CGT-USD-pour-le-7-mars-2017-.jpg\" alt=\"Tract CGT USD pour le 7 mars 2017\" width=\"613\" height=\"891\" class=\"aligncenter size-full wp-image-4777\" srcset=\"http:\/\/www.cgt-hopital-manosque.fr\/wp-content\/uploads\/2017\/02\/777.-Tract-CGT-USD-pour-le-7-mars-2017-.jpg 613w, http:\/\/www.cgt-hopital-manosque.fr\/wp-content\/uploads\/2017\/02\/777.-Tract-CGT-USD-pour-le-7-mars-2017--206x300.jpg 206w\" sizes=\"(max-width: 613px) 100vw, 613px\" \/><\/a><\/p>\n<p><strong>POUR CONSULTER LE TRACT, <a href=\"http:\/\/www.cgt-hopital-manosque.fr\/wp-content\/uploads\/2017\/02\/777.-Tract-CGT-USD-pour-le-7-mars-2017-.pdf\">CLIQUER ICI<\/a><\/strong><\/p>\n","protected":false},"excerpt":{"rendered":"<p>POUR CONSULTER LE TRACT, CLIQUER ICI<\/p>\n","protected":false},"author":1,"featured_media":0,"comment_status":"closed","ping_status":"closed","sticky":false,"template":"","format":"standard","meta":{"footnotes":""},"categories":[7],"tags":[],"views":1852,"_links":{"self":[{"href":"http:\/\/www.cgt-hopital-manosque.fr\/index.php?rest_route=\/wp\/v2\/posts\/4776"}],"collection":[{"href":"http:\/\/www.cgt-hopital-manosque.fr\/index.php?rest_route=\/wp\/v2\/posts"}],"about":[{"href":"http:\/\/www.cgt-hopital-manosque.fr\/index.php?rest_route=\/wp\/v2\/types\/post"}],"author":[{"embeddable":true,"href":"http:\/\/www.cgt-hopital-manosque.fr\/index.php?rest_route=\/wp\/v2\/users\/1"}],"replies":[{"embeddable":true,"href":"http:\/\/www.cgt-hopital-manosque.fr\/index.php?rest_route=%2Fwp%2Fv2%2Fcomments&post=4776"}],"version-history":[{"count":1,"href":"http:\/\/www.cgt-hopital-manosque.fr\/index.php?rest_route=\/wp\/v2\/posts\/4776\/revisions"}],"predecessor-version":[{"id":4779,"href":"http:\/\/www.cgt-hopital-manosque.fr\/index.php?rest_route=\/wp\/v2\/posts\/4776\/revisions\/4779"}],"wp:attachment":[{"href":"http:\/\/www.cgt-hopital-manosque.fr\/index.php?rest_route=%2Fwp%2Fv2%2Fmedia&parent=4776"}],"wp:term":[{"taxonomy":"category","embeddable":true,"href":"http:\/\/www.cgt-hopital-manosque.fr\/index.php?rest_route=%2Fwp%2Fv2%2Fcategories&post=4776"},{"taxonomy":"post_tag","embeddable":true,"href":"http:\/\/www.cgt-hopital-manosque.fr\/index.php?rest_route=%2Fwp%2Fv2%2Ftags&post=4776"}],"curies":[{"name":"wp","href":"https:\/\/api.w.org\/{rel}","templated":true}]}}