{"id":4792,"date":"2017-02-25T08:01:18","date_gmt":"2017-02-25T08:01:18","guid":{"rendered":"http:\/\/www.cgt-hopital-manosque.fr\/?p=4792"},"modified":"2017-02-25T08:04:14","modified_gmt":"2017-02-25T08:04:14","slug":"24-fevrier-2017-la-laicite-dans-les-etablissements-de-la-fonction-publique-hospitaliere","status":"publish","type":"post","link":"http:\/\/www.cgt-hopital-manosque.fr\/?p=4792","title":{"rendered":"24 f\u00e9vrier 2017 &#8211; La la\u00efcit\u00e9 dans les \u00e9tablissements de la fonction publique hospitali\u00e8re"},"content":{"rendered":"<p><a href=\"http:\/\/www.cgt-hopital-manosque.fr\/wp-content\/uploads\/2017\/02\/781.-La-la\u00efcit\u00e9-dans-les-\u00e9tablissements-de-la-FPH.jpg\"><img loading=\"lazy\" decoding=\"async\" src=\"http:\/\/www.cgt-hopital-manosque.fr\/wp-content\/uploads\/2017\/02\/781.-La-la\u00efcit\u00e9-dans-les-\u00e9tablissements-de-la-FPH.jpg\" alt=\"La la\u00efcit\u00e9 dans les \u00e9tablissements de la FPH\" width=\"842\" height=\"490\" class=\"aligncenter size-full wp-image-4793\" srcset=\"http:\/\/www.cgt-hopital-manosque.fr\/wp-content\/uploads\/2017\/02\/781.-La-la\u00efcit\u00e9-dans-les-\u00e9tablissements-de-la-FPH.jpg 842w, http:\/\/www.cgt-hopital-manosque.fr\/wp-content\/uploads\/2017\/02\/781.-La-la\u00efcit\u00e9-dans-les-\u00e9tablissements-de-la-FPH-300x175.jpg 300w\" sizes=\"(max-width: 842px) 100vw, 842px\" \/><\/a><\/p>\n<p style= \"text-align: justify;\">Ci-joint un petit film r\u00e9alis\u00e9 par l&rsquo;ANFH r\u00e9pondant \u00e0 quelques questions :<br \/>\n&#8211; Quels sont les droits et les devoirs du personnel au sein des \u00e9tablissements ?<br \/>\n&#8211; Quels droits et devoirs des patients ?<br \/>\n&#8211; Et les \u00e9tablissements, quelles contraintes ont-ils ? <\/p>\n<ol>\n<p style= \"text-align: justify;\"><strong> <a href=\"https:\/\/www.youtube.com\/watch?v=r3XK44LGREA\" target=\"_blank\">CLIQUER ICI<\/a><\/strong><\/p>\n<\/ol>\n<p style= \"text-align: justify;\">Pour aller plus loin :<br \/>\nCirculaire DHOS\/G no 2005-57 du 2 f\u00e9vrier 2005 relative \u00e0 la la\u00efcit\u00e9 dans les \u00e9tablissements de sant\u00e9 : <strong> <a href=\"http:\/\/social-sante.gouv.fr\/fichiers\/bo\/2005\/05-02\/a0020035.htm\" target=\"_blank\">CLIQUER ICI<\/a><\/strong><\/p>\n","protected":false},"excerpt":{"rendered":"<p>Ci-joint un petit film r\u00e9alis\u00e9 par l&rsquo;ANFH r\u00e9pondant \u00e0 quelques questions : &#8211; Quels sont les droits et les devoirs du personnel au sein des \u00e9tablissements ? &#8211; Quels droits et devoirs des patients ? &#8211; Et les \u00e9tablissements, quelles contraintes ont-ils ? CLIQUER ICI Pour aller plus loin : Circulaire DHOS\/G no 2005-57 du [&hellip;]<\/p>\n","protected":false},"author":1,"featured_media":0,"comment_status":"closed","ping_status":"closed","sticky":false,"template":"","format":"standard","meta":{"footnotes":""},"categories":[5],"tags":[],"views":1861,"_links":{"self":[{"href":"http:\/\/www.cgt-hopital-manosque.fr\/index.php?rest_route=\/wp\/v2\/posts\/4792"}],"collection":[{"href":"http:\/\/www.cgt-hopital-manosque.fr\/index.php?rest_route=\/wp\/v2\/posts"}],"about":[{"href":"http:\/\/www.cgt-hopital-manosque.fr\/index.php?rest_route=\/wp\/v2\/types\/post"}],"author":[{"embeddable":true,"href":"http:\/\/www.cgt-hopital-manosque.fr\/index.php?rest_route=\/wp\/v2\/users\/1"}],"replies":[{"embeddable":true,"href":"http:\/\/www.cgt-hopital-manosque.fr\/index.php?rest_route=%2Fwp%2Fv2%2Fcomments&post=4792"}],"version-history":[{"count":3,"href":"http:\/\/www.cgt-hopital-manosque.fr\/index.php?rest_route=\/wp\/v2\/posts\/4792\/revisions"}],"predecessor-version":[{"id":4796,"href":"http:\/\/www.cgt-hopital-manosque.fr\/index.php?rest_route=\/wp\/v2\/posts\/4792\/revisions\/4796"}],"wp:attachment":[{"href":"http:\/\/www.cgt-hopital-manosque.fr\/index.php?rest_route=%2Fwp%2Fv2%2Fmedia&parent=4792"}],"wp:term":[{"taxonomy":"category","embeddable":true,"href":"http:\/\/www.cgt-hopital-manosque.fr\/index.php?rest_route=%2Fwp%2Fv2%2Fcategories&post=4792"},{"taxonomy":"post_tag","embeddable":true,"href":"http:\/\/www.cgt-hopital-manosque.fr\/index.php?rest_route=%2Fwp%2Fv2%2Ftags&post=4792"}],"curies":[{"name":"wp","href":"https:\/\/api.w.org\/{rel}","templated":true}]}}