{"id":4807,"date":"2017-03-05T13:09:18","date_gmt":"2017-03-05T13:09:18","guid":{"rendered":"http:\/\/www.cgt-hopital-manosque.fr\/?p=4807"},"modified":"2017-03-05T13:15:09","modified_gmt":"2017-03-05T13:15:09","slug":"4-mars-2017-le-journal-de-lud-cgt-04-du-mois-de-fevrier-2017","status":"publish","type":"post","link":"http:\/\/www.cgt-hopital-manosque.fr\/?p=4807","title":{"rendered":"4 mars 2017- Le journal de l&rsquo;UD CGT 04 du mois de f\u00e9vrier 2017"},"content":{"rendered":"<p><a href=\"http:\/\/www.cgt-hopital-manosque.fr\/wp-content\/uploads\/2017\/03\/782.-Sommaire-Journal-UD-CGT-04-f\u00e9vrier-2017.jpg\"><img loading=\"lazy\" decoding=\"async\" src=\"http:\/\/www.cgt-hopital-manosque.fr\/wp-content\/uploads\/2017\/03\/782.-Sommaire-Journal-UD-CGT-04-f\u00e9vrier-2017.jpg\" alt=\"Sommaire Journal UD CGT 04 f\u00e9vrier 2017\" width=\"633\" height=\"907\" class=\"aligncenter size-full wp-image-4808\" srcset=\"http:\/\/www.cgt-hopital-manosque.fr\/wp-content\/uploads\/2017\/03\/782.-Sommaire-Journal-UD-CGT-04-f\u00e9vrier-2017.jpg 633w, http:\/\/www.cgt-hopital-manosque.fr\/wp-content\/uploads\/2017\/03\/782.-Sommaire-Journal-UD-CGT-04-f\u00e9vrier-2017-209x300.jpg 209w\" sizes=\"(max-width: 633px) 100vw, 633px\" \/><\/a><\/p>\n<p style= \"text-align: justify;\"><strong><\/p>\n<p style= \"text-align: justify;\"><strong><br \/>\nSommaire : <\/p>\n<p style= \"text-align: justify;\">Page 1 : Edito de C\u00e9dric Volait<\/p>\n<p style= \"text-align: justify;\">Page 2 : La caravane des saisonniers<\/p>\n<p style= \"text-align: justify;\">Page 3 : Journ\u00e9e d\u2019action du 7 mars<\/p>\n<p style= \"text-align: justify;\">Page 4 : Congr\u00e8s des retrait\u00e9s<\/p>\n<p style= \"text-align: justify;\">Page 5 : Congr\u00e8s des cheminots de Provence<\/p>\n<p style= \"text-align: justify;\"> Page 6 : Interview de Sylvain Moretti (CGT Sanofi) <\/p>\n<p style= \"text-align: justify;\">Page 7 : Journ\u00e9e du 8 mars : interview de Florence Walgenwitz<\/p>\n<p style= \"text-align: justify;\">Page 8 : La Motte-du-Caire : mobilis\u00e9s pour d\u00e9fendre le bureau de poste + Gr\u00e8ve au lyc\u00e9e Beau de Rochas \u00e0 Digne + Gr\u00e8ve du 21 mars<\/p>\n<p style= \"text-align: justify;\">\n<p style= \"text-align: justify;\">\nPOUR CONSULTER LE JOURNAL COMPLET, <a href=\"http:\/\/www.cgt-hopital-manosque.fr\/wp-content\/uploads\/2017\/03\/782.-Journal-UD-CGT-04-f\u00e9vrier-2017.pdf\">CLIQUER ICI<\/a><br \/>\n<\/strong><\/p>\n","protected":false},"excerpt":{"rendered":"<p>Sommaire : Page 1 : Edito de C\u00e9dric Volait Page 2 : La caravane des saisonniers Page 3 : Journ\u00e9e d\u2019action du 7 mars Page 4 : Congr\u00e8s des retrait\u00e9s Page 5 : Congr\u00e8s des cheminots de Provence Page 6 : Interview de Sylvain Moretti (CGT Sanofi) Page 7 : Journ\u00e9e du 8 mars : [&hellip;]<\/p>\n","protected":false},"author":1,"featured_media":0,"comment_status":"closed","ping_status":"closed","sticky":false,"template":"","format":"standard","meta":{"footnotes":""},"categories":[7],"tags":[],"views":1752,"_links":{"self":[{"href":"http:\/\/www.cgt-hopital-manosque.fr\/index.php?rest_route=\/wp\/v2\/posts\/4807"}],"collection":[{"href":"http:\/\/www.cgt-hopital-manosque.fr\/index.php?rest_route=\/wp\/v2\/posts"}],"about":[{"href":"http:\/\/www.cgt-hopital-manosque.fr\/index.php?rest_route=\/wp\/v2\/types\/post"}],"author":[{"embeddable":true,"href":"http:\/\/www.cgt-hopital-manosque.fr\/index.php?rest_route=\/wp\/v2\/users\/1"}],"replies":[{"embeddable":true,"href":"http:\/\/www.cgt-hopital-manosque.fr\/index.php?rest_route=%2Fwp%2Fv2%2Fcomments&post=4807"}],"version-history":[{"count":3,"href":"http:\/\/www.cgt-hopital-manosque.fr\/index.php?rest_route=\/wp\/v2\/posts\/4807\/revisions"}],"predecessor-version":[{"id":4812,"href":"http:\/\/www.cgt-hopital-manosque.fr\/index.php?rest_route=\/wp\/v2\/posts\/4807\/revisions\/4812"}],"wp:attachment":[{"href":"http:\/\/www.cgt-hopital-manosque.fr\/index.php?rest_route=%2Fwp%2Fv2%2Fmedia&parent=4807"}],"wp:term":[{"taxonomy":"category","embeddable":true,"href":"http:\/\/www.cgt-hopital-manosque.fr\/index.php?rest_route=%2Fwp%2Fv2%2Fcategories&post=4807"},{"taxonomy":"post_tag","embeddable":true,"href":"http:\/\/www.cgt-hopital-manosque.fr\/index.php?rest_route=%2Fwp%2Fv2%2Ftags&post=4807"}],"curies":[{"name":"wp","href":"https:\/\/api.w.org\/{rel}","templated":true}]}}