{"id":4814,"date":"2017-03-26T17:39:35","date_gmt":"2017-03-26T17:39:35","guid":{"rendered":"http:\/\/www.cgt-hopital-manosque.fr\/?p=4814"},"modified":"2017-03-26T17:47:32","modified_gmt":"2017-03-26T17:47:32","slug":"25-mars-2017-propositions-cgt-pour-repondre-a-lurgence-de-reorganisation-de-notre-systeme-de-sante","status":"publish","type":"post","link":"http:\/\/www.cgt-hopital-manosque.fr\/?p=4814","title":{"rendered":"25 mars 2017 &#8211; Propositions CGT pour r\u00e9pondre \u00e0 l&rsquo;urgence de r\u00e9organisation de notre syst\u00e8me de sant\u00e9"},"content":{"rendered":"<p><a href=\"http:\/\/www.cgt-hopital-manosque.fr\/wp-content\/uploads\/2017\/03\/784.-4-pages-re\u0301organisation-de-notre-syste\u0300me-de-Sante\u0301-p1.jpg\"><img loading=\"lazy\" decoding=\"async\" src=\"http:\/\/www.cgt-hopital-manosque.fr\/wp-content\/uploads\/2017\/03\/784.-4-pages-re\u0301organisation-de-notre-syste\u0300me-de-Sante\u0301-p1.jpg\" alt=\"784. 4 pages re\u0301organisation de notre syste\u0300me de Sante\u0301 (p1)\" width=\"629\" height=\"903\" class=\"aligncenter size-full wp-image-4815\" srcset=\"http:\/\/www.cgt-hopital-manosque.fr\/wp-content\/uploads\/2017\/03\/784.-4-pages-re\u0301organisation-de-notre-syste\u0300me-de-Sante\u0301-p1.jpg 629w, http:\/\/www.cgt-hopital-manosque.fr\/wp-content\/uploads\/2017\/03\/784.-4-pages-re\u0301organisation-de-notre-syste\u0300me-de-Sante\u0301-p1-209x300.jpg 209w\" sizes=\"(max-width: 629px) 100vw, 629px\" \/><\/a><\/p>\n<p><a href=\"http:\/\/www.cgt-hopital-manosque.fr\/wp-content\/uploads\/2017\/03\/784.-4-pages-re\u0301organisation-de-notre-syste\u0300me-de-Sante\u0301-p2.jpg\"><img loading=\"lazy\" decoding=\"async\" src=\"http:\/\/www.cgt-hopital-manosque.fr\/wp-content\/uploads\/2017\/03\/784.-4-pages-re\u0301organisation-de-notre-syste\u0300me-de-Sante\u0301-p2.jpg\" alt=\"784. 4 pages re\u0301organisation de notre syste\u0300me de Sante\u0301 (p2)\" width=\"631\" height=\"901\" class=\"aligncenter size-full wp-image-4816\" srcset=\"http:\/\/www.cgt-hopital-manosque.fr\/wp-content\/uploads\/2017\/03\/784.-4-pages-re\u0301organisation-de-notre-syste\u0300me-de-Sante\u0301-p2.jpg 631w, http:\/\/www.cgt-hopital-manosque.fr\/wp-content\/uploads\/2017\/03\/784.-4-pages-re\u0301organisation-de-notre-syste\u0300me-de-Sante\u0301-p2-210x300.jpg 210w\" sizes=\"(max-width: 631px) 100vw, 631px\" \/><\/a><\/p>\n<p><a href=\"http:\/\/www.cgt-hopital-manosque.fr\/wp-content\/uploads\/2017\/03\/784.-4-pages-re\u0301organisation-de-notre-syste\u0300me-de-Sante\u0301-p3.jpg\"><img loading=\"lazy\" decoding=\"async\" src=\"http:\/\/www.cgt-hopital-manosque.fr\/wp-content\/uploads\/2017\/03\/784.-4-pages-re\u0301organisation-de-notre-syste\u0300me-de-Sante\u0301-p3.jpg\" alt=\"784. 4 pages re\u0301organisation de notre syste\u0300me de Sante\u0301 (p3)\" width=\"629\" height=\"903\" class=\"aligncenter size-full wp-image-4817\" srcset=\"http:\/\/www.cgt-hopital-manosque.fr\/wp-content\/uploads\/2017\/03\/784.-4-pages-re\u0301organisation-de-notre-syste\u0300me-de-Sante\u0301-p3.jpg 629w, http:\/\/www.cgt-hopital-manosque.fr\/wp-content\/uploads\/2017\/03\/784.-4-pages-re\u0301organisation-de-notre-syste\u0300me-de-Sante\u0301-p3-209x300.jpg 209w\" sizes=\"(max-width: 629px) 100vw, 629px\" \/><\/a><\/p>\n<p><a href=\"http:\/\/www.cgt-hopital-manosque.fr\/wp-content\/uploads\/2017\/03\/784.-4-pages-re\u0301organisation-de-notre-syste\u0300me-de-Sante\u0301-p4.jpg\"><img loading=\"lazy\" decoding=\"async\" src=\"http:\/\/www.cgt-hopital-manosque.fr\/wp-content\/uploads\/2017\/03\/784.-4-pages-re\u0301organisation-de-notre-syste\u0300me-de-Sante\u0301-p4.jpg\" alt=\"784. 4 pages re\u0301organisation de notre syste\u0300me de Sante\u0301 (p4)\" width=\"635\" height=\"907\" class=\"aligncenter size-full wp-image-4818\" srcset=\"http:\/\/www.cgt-hopital-manosque.fr\/wp-content\/uploads\/2017\/03\/784.-4-pages-re\u0301organisation-de-notre-syste\u0300me-de-Sante\u0301-p4.jpg 635w, http:\/\/www.cgt-hopital-manosque.fr\/wp-content\/uploads\/2017\/03\/784.-4-pages-re\u0301organisation-de-notre-syste\u0300me-de-Sante\u0301-p4-210x300.jpg 210w\" sizes=\"(max-width: 635px) 100vw, 635px\" \/><\/a><\/p>\n<p><strong>POUR CONSULTER LE DOCUMENT COMPLET, <a href=\"http:\/\/www.cgt-hopital-manosque.fr\/wp-content\/uploads\/2017\/03\/784.-4-pages-re\u0301organisation-de-notre-syste\u0300me-de-Sante\u0301.pdf\">CLIQUER ICI<\/a><\/strong><\/p>\n","protected":false},"excerpt":{"rendered":"<p>POUR CONSULTER LE DOCUMENT COMPLET, CLIQUER ICI<\/p>\n","protected":false},"author":1,"featured_media":0,"comment_status":"closed","ping_status":"closed","sticky":false,"template":"","format":"standard","meta":{"footnotes":""},"categories":[7],"tags":[],"views":1456,"_links":{"self":[{"href":"http:\/\/www.cgt-hopital-manosque.fr\/index.php?rest_route=\/wp\/v2\/posts\/4814"}],"collection":[{"href":"http:\/\/www.cgt-hopital-manosque.fr\/index.php?rest_route=\/wp\/v2\/posts"}],"about":[{"href":"http:\/\/www.cgt-hopital-manosque.fr\/index.php?rest_route=\/wp\/v2\/types\/post"}],"author":[{"embeddable":true,"href":"http:\/\/www.cgt-hopital-manosque.fr\/index.php?rest_route=\/wp\/v2\/users\/1"}],"replies":[{"embeddable":true,"href":"http:\/\/www.cgt-hopital-manosque.fr\/index.php?rest_route=%2Fwp%2Fv2%2Fcomments&post=4814"}],"version-history":[{"count":1,"href":"http:\/\/www.cgt-hopital-manosque.fr\/index.php?rest_route=\/wp\/v2\/posts\/4814\/revisions"}],"predecessor-version":[{"id":4820,"href":"http:\/\/www.cgt-hopital-manosque.fr\/index.php?rest_route=\/wp\/v2\/posts\/4814\/revisions\/4820"}],"wp:attachment":[{"href":"http:\/\/www.cgt-hopital-manosque.fr\/index.php?rest_route=%2Fwp%2Fv2%2Fmedia&parent=4814"}],"wp:term":[{"taxonomy":"category","embeddable":true,"href":"http:\/\/www.cgt-hopital-manosque.fr\/index.php?rest_route=%2Fwp%2Fv2%2Fcategories&post=4814"},{"taxonomy":"post_tag","embeddable":true,"href":"http:\/\/www.cgt-hopital-manosque.fr\/index.php?rest_route=%2Fwp%2Fv2%2Ftags&post=4814"}],"curies":[{"name":"wp","href":"https:\/\/api.w.org\/{rel}","templated":true}]}}